{"id":13123,"date":"2025-02-04T21:02:05","date_gmt":"2025-02-05T02:02:05","guid":{"rendered":"https:\/\/economiaconedmer.com\/economiaenserio\/?p=13123"},"modified":"2025-02-05T21:40:59","modified_gmt":"2025-02-06T02:40:59","slug":"rifi-rafe-en-gabinete-de-petro-en-vivo-y-en-directo-por-tv","status":"publish","type":"post","link":"https:\/\/economiaconedmer.com\/economiaenserio\/02\/04\/rifi-rafe-en-gabinete-de-petro-en-vivo-y-en-directo-por-tv\/el_bolsillo\/2025\/","title":{"rendered":"Agarr\u00f3n en gabinete deja renuncias y alta tensi\u00f3n"},"content":{"rendered":"\n<p>El sacud\u00f3n del Gobierno del presidente Gustavo Petro, tras el rega\u00f1o p\u00fablico a los integrantes de su gabinete, y la transmisi\u00f3n en directo por televisi\u00f3n, profundiz\u00f3 la tensi\u00f3n pol\u00edtica y dej\u00f3 varias renuncias, entre muchas otras consecuencias. <\/p>\n\n\n\n<p>Este mi\u00e9rcoles dimitieron de sus cargos el ministro de Cultura, Juan David Correa, y el reci\u00e9n posesionado director presidente del Dapre, Jorge Rojas, quien fue reemplazado por Angie Rodr\u00edguez, y se convierte en la quinta directora de esta entidad en el actual Gobierno. Tambi\u00e9n renunci\u00f3 protocolariamente el director de la UNGRD, Carlos Carrillo.  <\/p>\n\n\n\n<p>El lunes pasado, durante el Consejo de Ministros, la vicepresidenta, Francia M\u00e1rquez y la ministra de Ambiente, Susana Muhamad, le manifestaron al Presidente su desacuerdo total con la designaci\u00f3n de Armando Benedetti como Jefe de Despacho Presidencial.<\/p>\n\n\n\n<p>M\u00e1rquez tambi\u00e9n se fue lanza en ristre contra la canciller Laura Sarabia, a quien acuso de irrespeto contra la investidura de la Vicepresidencia de la Rep\u00fablica.<\/p>\n\n\n\n<p>Por su parte, Muhamad, dijo que como integrante del gabinete, no est\u00e1 en disposici\u00f3n para compartir mesa en el Consejo de Ministros con Benedetti. \u00abY no soy yo la que voy a renunciar\u00bb, asegur\u00f3 la funcionaria, visiblemente molesta.<\/p>\n\n\n\n<p>Petro dijo que de los 195 compromisos adquiridos por el Gobierno con los colombianos que lo eligieron, hay 146 que no se han cumplido. Dijo que el peor error que ha cometido en su Gobierno fue nombrar a Alejandro Gaviria como Ministro de Educaci\u00f3n. \u201cEl 75 % de las promesas del Presidente no se han cumplido\u201d.<\/p>\n\n\n\n<p>Acus\u00f3 a los ministros de seguir las mismas pautas de la tradici\u00f3n pol\u00edtica en Colombia. \u00abUstedes tienen un presidente revolucionario, pero el Gobierno no lo es.&nbsp;No rompe, no cambia\u00bb<\/p>\n\n\n\n<p> El mandatario le llam\u00f3 duramente la atenci\u00f3n al actual Ministro de Educaci\u00f3n, Daniel Rojas, por haber llegado tarde al Consejo de Ministros. Le reclam\u00f3 p\u00fablicamente por incumplir el 95% de sus compromisos del Gobierno. <\/p>\n\n\n\n<p>Petro dijo de todo. Incluso le pidi\u00f3 a Ecopetrol vender su operaci\u00f3n de Fracking en Estados Unidos, para utilizar ese dinero en energ\u00edas limpias. \u00abNosotros estamos en contra del fracking&#8230;\u00bb<\/p>\n\n\n\n<p>Finalmente, Petro les pidi\u00f3 a las Fuerzas Armadas que recuperen el territorio del Catatumbo, ahora que el pueblo est\u00e1 con el Gobierno.<\/p>\n\n\n\n<p><\/p>\n\n\n\n<p><\/p>\n","protected":false},"excerpt":{"rendered":"<p>El sacud\u00f3n del Gobierno del presidente Gustavo Petro, tras el rega\u00f1o p\u00fablico a los integrantes de su gabinete, y la transmisi\u00f3n en directo por televisi\u00f3n, profundiz\u00f3 la tensi\u00f3n pol\u00edtica y dej\u00f3 varias renuncias, entre muchas otras consecuencias. Este mi\u00e9rcoles dimitieron de sus cargos el ministro de Cultura, Juan David Correa, y el reci\u00e9n posesionado director&#8230;<\/p>\n","protected":false},"author":5,"featured_media":13132,"comment_status":"closed","ping_status":"closed","sticky":false,"template":"","format":"standard","meta":{"_FSMCFIC_featured_image_caption":"","_FSMCFIC_featured_image_nocaption":"","_FSMCFIC_featured_image_hide":"","footnotes":""},"categories":[2],"tags":[],"class_list":["post-13123","post","type-post","status-publish","format-standard","has-post-thumbnail","hentry","category-el_bolsillo"],"_links":{"self":[{"href":"https:\/\/economiaconedmer.com\/economiaenserio\/wp-json\/wp\/v2\/posts\/13123","targetHints":{"allow":["GET"]}}],"collection":[{"href":"https:\/\/economiaconedmer.com\/economiaenserio\/wp-json\/wp\/v2\/posts"}],"about":[{"href":"https:\/\/economiaconedmer.com\/economiaenserio\/wp-json\/wp\/v2\/types\/post"}],"author":[{"embeddable":true,"href":"https:\/\/economiaconedmer.com\/economiaenserio\/wp-json\/wp\/v2\/users\/5"}],"replies":[{"embeddable":true,"href":"https:\/\/economiaconedmer.com\/economiaenserio\/wp-json\/wp\/v2\/comments?post=13123"}],"version-history":[{"count":4,"href":"https:\/\/economiaconedmer.com\/economiaenserio\/wp-json\/wp\/v2\/posts\/13123\/revisions"}],"predecessor-version":[{"id":13156,"href":"https:\/\/economiaconedmer.com\/economiaenserio\/wp-json\/wp\/v2\/posts\/13123\/revisions\/13156"}],"wp:featuredmedia":[{"embeddable":true,"href":"https:\/\/economiaconedmer.com\/economiaenserio\/wp-json\/wp\/v2\/media\/13132"}],"wp:attachment":[{"href":"https:\/\/economiaconedmer.com\/economiaenserio\/wp-json\/wp\/v2\/media?parent=13123"}],"wp:term":[{"taxonomy":"category","embeddable":true,"href":"https:\/\/economiaconedmer.com\/economiaenserio\/wp-json\/wp\/v2\/categories?post=13123"},{"taxonomy":"post_tag","embeddable":true,"href":"https:\/\/economiaconedmer.com\/economiaenserio\/wp-json\/wp\/v2\/tags?post=13123"}],"curies":[{"name":"wp","href":"https:\/\/api.w.org\/{rel}","templated":true}]}}