{"id":13074,"date":"2025-02-01T08:57:55","date_gmt":"2025-02-01T13:57:55","guid":{"rendered":"https:\/\/economiaconedmer.com\/economiaenserio\/?p=13074"},"modified":"2025-02-01T09:08:35","modified_gmt":"2025-02-01T14:08:35","slug":"cafe-el-precio-esta-muy-bueno-pero-no-hay-cosecha","status":"publish","type":"post","link":"https:\/\/economiaconedmer.com\/economiaenserio\/02\/01\/cafe-el-precio-esta-muy-bueno-pero-no-hay-cosecha\/el_bolsillo\/2025\/","title":{"rendered":"Caf\u00e9: el precio est\u00e1 muy bueno pero no hay cosecha"},"content":{"rendered":"\n<p><strong><em>El precio interno de la carga de caf\u00e9 de 125 kilos, seco de trilla, lleg\u00f3 a $3 millones, valor nunca visto antes en el pa\u00eds. Productores esperan la cosecha de mitaca de 2025 para beneficiarse de la bonanza.<\/em> <\/strong> <\/p>\n\n\n\n<p><strong>Bogot\u00e1, enero 30 de 2025. <\/strong>Quienes aseguran que los productores de caf\u00e9, en Colombia, est\u00e1n viviendo una bonanza, gracias a los buenos precios del grano, est\u00e1n equivocados.<\/p>\n\n\n\n<p>En efecto, a los casi 600.000 cultivadores nacionales de nada les sirve que el precio est\u00e9 en niveles hist\u00f3ricos, si no tienen producto para vender, porque en estos momentos no hay cosecha, pues esta solo llegar\u00e1 en abril y mayo pr\u00f3ximos, especialmente en la zona del nuevo eje cafetero, es decir, en Huila, Cauca, Tolima y Nari\u00f1o, donde se recoger\u00e1 la denominada cosecha de mitaca.<\/p>\n\n\n\n<p>Por ahora, los beneficiados con las altas cotizaciones registradas en el mercado interno ($3&#8217;000.000 la carga de 125 kilos, de la calidad seco de trilla) y en el externo, de 3,87 d\u00f3lares la libra en la Bolsa de Nueva York, se est\u00e1n quedando en los bolsillos de los comercializadores nacionales, las tostadoras internacionales y las cadenas que venden la bebida al p\u00fablico, y que tienen guardado buena parte del inventario acumulado en la pasada cosecha, que en Colombia se recolect\u00f3 en los meses de octubre y noviembre, pero que ya no est\u00e1 en poder de quienes lo cultivan.<\/p>\n\n\n\n<p>Sin embargo, este beneficio llega tangencialmente a los productores, por el lado de la cadena Juan Valdez, la cual genera utilidades que contribuyen a fortalecer econ\u00f3micamente a la Federaci\u00f3n Nacional de Cafeteros, gremio al que pertenece buena parte de los cultivadores del pa\u00eds.     <\/p>\n\n\n\n<p><strong>El buen momento inici\u00f3 en 2024<\/strong><\/p>\n\n\n\n<p>Los cafeteros colombianos se beneficiaron en 2024 con la tendencia alcista, ya que permiti\u00f3 vender el grano nacional a un mejor precio, aunque no a los niveles actuales. Es m\u00e1s, los productores locales no solamente recibieron m\u00e1s dinero por su caf\u00e9, sino por el mayor volumen de producci\u00f3n, al regresar a una cosecha total de 14 millones de sacos, los cuales se comercializaron a precios que rondaron los 2 millones de pesos la carga, mientras que los costos de producci\u00f3n se calculan en 1,5 millones de pesos.<\/p>\n\n\n\n<p>De hecho, el caf\u00e9 fue el producto que m\u00e1s contribuy\u00f3 al crecimiento de la econom\u00eda colombiana en 2024, cuyo dato definitivo a\u00fan no se conoce, aunque los pron\u00f3sticos de los analistas indican que el PIB debe haber cerrado con un aumento de entre 1,6 y 1,9%.<\/p>\n\n\n\n<p><\/p>\n","protected":false},"excerpt":{"rendered":"<p>El precio interno de la carga de caf\u00e9 de 125 kilos, seco de trilla, lleg\u00f3 a $3 millones, valor nunca visto antes en el pa\u00eds. Productores esperan la cosecha de mitaca de 2025 para beneficiarse de la bonanza. Bogot\u00e1, enero 30 de 2025. Quienes aseguran que los productores de caf\u00e9, en Colombia, est\u00e1n viviendo una&#8230;<\/p>\n","protected":false},"author":5,"featured_media":13076,"comment_status":"closed","ping_status":"closed","sticky":false,"template":"","format":"standard","meta":{"_FSMCFIC_featured_image_caption":"","_FSMCFIC_featured_image_nocaption":"","_FSMCFIC_featured_image_hide":"","footnotes":""},"categories":[2],"tags":[],"class_list":["post-13074","post","type-post","status-publish","format-standard","has-post-thumbnail","hentry","category-el_bolsillo"],"_links":{"self":[{"href":"https:\/\/economiaconedmer.com\/economiaenserio\/wp-json\/wp\/v2\/posts\/13074","targetHints":{"allow":["GET"]}}],"collection":[{"href":"https:\/\/economiaconedmer.com\/economiaenserio\/wp-json\/wp\/v2\/posts"}],"about":[{"href":"https:\/\/economiaconedmer.com\/economiaenserio\/wp-json\/wp\/v2\/types\/post"}],"author":[{"embeddable":true,"href":"https:\/\/economiaconedmer.com\/economiaenserio\/wp-json\/wp\/v2\/users\/5"}],"replies":[{"embeddable":true,"href":"https:\/\/economiaconedmer.com\/economiaenserio\/wp-json\/wp\/v2\/comments?post=13074"}],"version-history":[{"count":1,"href":"https:\/\/economiaconedmer.com\/economiaenserio\/wp-json\/wp\/v2\/posts\/13074\/revisions"}],"predecessor-version":[{"id":13075,"href":"https:\/\/economiaconedmer.com\/economiaenserio\/wp-json\/wp\/v2\/posts\/13074\/revisions\/13075"}],"wp:featuredmedia":[{"embeddable":true,"href":"https:\/\/economiaconedmer.com\/economiaenserio\/wp-json\/wp\/v2\/media\/13076"}],"wp:attachment":[{"href":"https:\/\/economiaconedmer.com\/economiaenserio\/wp-json\/wp\/v2\/media?parent=13074"}],"wp:term":[{"taxonomy":"category","embeddable":true,"href":"https:\/\/economiaconedmer.com\/economiaenserio\/wp-json\/wp\/v2\/categories?post=13074"},{"taxonomy":"post_tag","embeddable":true,"href":"https:\/\/economiaconedmer.com\/economiaenserio\/wp-json\/wp\/v2\/tags?post=13074"}],"curies":[{"name":"wp","href":"https:\/\/api.w.org\/{rel}","templated":true}]}}