{"id":13039,"date":"2025-02-01T07:57:13","date_gmt":"2025-02-01T12:57:13","guid":{"rendered":"https:\/\/economiaconedmer.com\/economiaenserio\/?p=13039"},"modified":"2025-02-01T08:01:10","modified_gmt":"2025-02-01T13:01:10","slug":"con-planta-de-aluminio-verde-la-industria-sostenible-movera-a-sucre","status":"publish","type":"post","link":"https:\/\/economiaconedmer.com\/economiaenserio\/02\/01\/con-planta-de-aluminio-verde-la-industria-sostenible-movera-a-sucre\/el_resto\/2025\/","title":{"rendered":"Con planta de aluminio verde, la industria sostenible mover\u00e1 a Sucre"},"content":{"rendered":"\n<p>La multinacional Galtco desarrollar\u00e1 en el departamento de Sucre un proyecto industrial  que posicionar\u00e1 a Colombia como l\u00edder en la producci\u00f3n de aluminio verde, bajo est\u00e1ndares sostenibles y de vanguardia industrial.<\/p>\n\n\n\n<p>Para ello, fue firmado recientemente un memorando de entendimiento que ratifica el compromiso con el desarrollo sostenible, la transici\u00f3n energ\u00e9tica, la reindustrializaci\u00f3n y la consolidaci\u00f3n de Sucre como un referente en la industria del aluminio verde en Colombia y el mundo. <\/p>\n\n\n\n<p>Carmen Caballero, presidenta de ProColombia, se\u00f1al\u00f3 qu\u00e9, \u00abla firma de este memorando representa un avance significativo en la sostenibilidad industrial de Colombia. Este proyecto fortalecer\u00e1 la visi\u00f3n del pa\u00eds de la belleza como un l\u00edder global en la producci\u00f3n de aluminio sostenible, promoviendo el desarrollo econ\u00f3mico con responsabilidad ambiental y social. Nuestro compromiso est\u00e1 en seguir fomentando y conectando esfuerzos entre sectores para lograr transformaciones reales.\u201d<\/p>\n\n\n\n<p><strong>GALTCO: Transformaci\u00f3n Industrial y Energ\u00e9tica<\/strong><\/p>\n\n\n\n<p>El Proyecto GALTCO no solo impulsar\u00e1 la producci\u00f3n de aluminio verde, sino que tambi\u00e9n establecer\u00e1 un modelo industrial sostenible con una de las huellas de carbono m\u00e1s bajas del mundo. Su planta integrar\u00e1 la mayor central solar fotovoltaica del pa\u00eds y una planta de generaci\u00f3n de energ\u00eda a gas de \u00faltima tecnolog\u00eda, en colaboraci\u00f3n con EDF, garantizando un suministro energ\u00e9tico limpio y eficiente.<\/p>\n\n\n\n<p>Operar\u00e1 utilizando un 27 por ciento de energ\u00eda renovable, proveniente de granjas solares y tecnolog\u00edas limpias, reduciendo significativamente las emisiones de carbono y consolidando a Colombia como l\u00edder regional en sostenibilidad y transici\u00f3n energ\u00e9tica.<\/p>\n\n\n\n<p>Esta planta de Aluminio verde es una de las apuestas industriales y energ\u00e9ticas m\u00e1s ambiciosas en la historia de Colombia. Con una inversi\u00f3n superior a 2.500 millones de d\u00f3lares, la iniciativa sin dudas consolidar\u00e1 a Sucre y a Colombia como referentes en la industria global.<\/p>\n\n\n\n<p>Carlos Santiago, CEO del proyecto, resalt\u00f3 la magnitud de GALTCO, \u201cse producir\u00e1n m\u00e1s de 350 mil toneladas de aluminio verde al a\u00f1o desde el Golfo de Morrosquillo, en Tol\u00fa. Posicionando a Colombia como uno de los principales productores globales de aluminio bajo est\u00e1ndares avanzados de sostenibilidad\u201d.<\/p>\n\n\n\n<p><strong>Sucre, epicentro de econom\u00eda verde<\/strong><\/p>\n\n\n\n<p>El departamento de Sucre se posiciona como epicentro de la operaci\u00f3n por su posici\u00f3n geoestrat\u00e9gica privilegiada y sus largas horas de luz solar, lo que permite maximizar la eficiencia de las granjas solares y optimizar el suministro de energ\u00eda limpia para la producci\u00f3n de aluminio verde.<\/p>\n\n\n\n<p>Andr\u00e9s Rojas, director para Colombia del Proyecto GALTCO, afirm\u00f3: \u201cLa elecci\u00f3n del Golfo de Morrosquillo se dio por su ubicaci\u00f3n estrat\u00e9gica que responde a condiciones excepcionales. Contamos con acceso al puerto, una s\u00f3lida conectividad el\u00e9ctrica gracias a la subestaci\u00f3n de Chin\u00fa y un excelente potencial solar. Adem\u00e1s, la proximidad a la instalaci\u00f3n industrial de ECOPETROL en Cove\u00f1as nos brinda sinergias clave y ventajas log\u00edsticas adicionales que fortalecen el desarrollo del proyecto\u201d.<\/p>\n\n\n\n<p><strong>Justicia social: Transformaci\u00f3n desde lo local<\/strong><\/p>\n\n\n\n<p>El impacto social y econ\u00f3mico del proyecto ser\u00e1 transformador y est\u00e1 alineado con el Plan de Desarrollo \u00abSucre Tierra de Oportunidades\u00bb, que busca el crecimiento econ\u00f3mico inclusivo, el fortalecimiento del empleo y el desarrollo productivo sostenible. GALTCO generar\u00e1 m\u00e1s de 15 mil empleos directos e indirectos durante la construcci\u00f3n y operaci\u00f3n del proyecto priorizando la contrataci\u00f3n de talento local de Sucre y la regi\u00f3n Caribe.<\/p>\n\n\n\n<p>Uno de los aspectos m\u00e1s valiosos del proyecto GALTCO es su apuesta por el talento local, reafirmando su compromiso con el desarrollo social y econ\u00f3mico de Sucre. Para ello, implementar\u00e1 programas de capacitaci\u00f3n y profesionalizaci\u00f3n que permitir\u00e1n a los sucre\u00f1os liderar esta transformaci\u00f3n industrial.<\/p>\n\n\n\n<p>Este enfoque fortalece la inclusi\u00f3n social, fomenta el empleo digno y refuerza la justicia ambiental y social en la regi\u00f3n. Adem\u00e1s, responde a las directrices del Plan Nacional de Desarrollo \u00abColombia Potencia Mundial de la Vida\u00bb, promoviendo la participaci\u00f3n de las comunidades locales y garantizando que la mayor\u00eda de los empleos sean ocupados por talento sucre\u00f1o, generando oportunidades reales para el crecimiento econ\u00f3mico y social del territorio.<\/p>\n\n\n\n<p>Lucy Garc\u00eda, Gobernadora de Sucre, destac\u00f3 la relevancia del proyecto GALTCO para crear un desarrollo sostenible con impacto social positivo: \u00abGALTCO es la oportunidad para que Sucre lidere la reindustrializaci\u00f3n sostenible de Colombia, priorizando el bienestar social y el respeto por el planeta. Con la instalaci\u00f3n de esta planta en el Golfo de Morrosquillo seremos modelo de justicia social\u201d.<\/p>\n\n\n\n<p>La planta de Aluminio verde es un modelo de desarrollo sostenible donde la innovaci\u00f3n, la transici\u00f3n energ\u00e9tica y el bienestar de las comunidades locales convergen. Con GALTCO, Colombia no solo diversifica su matriz productiva, sino que tambi\u00e9n fortalece su posicionamiento como un destino atractivo para la inversi\u00f3n extranjera responsable.<\/p>\n\n\n\n<p>Este proyecto es un ejemplo claro de c\u00f3mo la colaboraci\u00f3n p\u00fablico-privada puede transformar regiones, impulsar la competitividad y garantizar un desarrollo sostenible que respete el entorno y a las comunidad. Transformar\u00e1 la industria del aluminio y permitir\u00e1 que Colombia lidere la transici\u00f3n energ\u00e9tica en Am\u00e9rica Latina.<\/p>\n\n\n\n<p>Al evento asistieron Carmen Caballero Villa, presidenta de ProColombia;  Wilmer P\u00e9rez, alcalde de Tol\u00fa; Carlos Santiago, director general de GALTCO; Lucy Garc\u00eda Montes, gobernadora de Sucre, y Jean-Fran\u00e7ois St\u00e9phane Lebrun, representante legal de EDF.<\/p>\n\n\n\n<p><\/p>\n","protected":false},"excerpt":{"rendered":"<p>La multinacional Galtco desarrollar\u00e1 en el departamento de Sucre un proyecto industrial que posicionar\u00e1 a Colombia como l\u00edder en la producci\u00f3n de aluminio verde, bajo est\u00e1ndares sostenibles y de vanguardia industrial. Para ello, fue firmado recientemente un memorando de entendimiento que ratifica el compromiso con el desarrollo sostenible, la transici\u00f3n energ\u00e9tica, la reindustrializaci\u00f3n y la&#8230;<\/p>\n","protected":false},"author":5,"featured_media":13041,"comment_status":"closed","ping_status":"closed","sticky":false,"template":"","format":"standard","meta":{"_FSMCFIC_featured_image_caption":"","_FSMCFIC_featured_image_nocaption":"","_FSMCFIC_featured_image_hide":"","footnotes":""},"categories":[22],"tags":[],"class_list":["post-13039","post","type-post","status-publish","format-standard","has-post-thumbnail","hentry","category-el_resto"],"_links":{"self":[{"href":"https:\/\/economiaconedmer.com\/economiaenserio\/wp-json\/wp\/v2\/posts\/13039","targetHints":{"allow":["GET"]}}],"collection":[{"href":"https:\/\/economiaconedmer.com\/economiaenserio\/wp-json\/wp\/v2\/posts"}],"about":[{"href":"https:\/\/economiaconedmer.com\/economiaenserio\/wp-json\/wp\/v2\/types\/post"}],"author":[{"embeddable":true,"href":"https:\/\/economiaconedmer.com\/economiaenserio\/wp-json\/wp\/v2\/users\/5"}],"replies":[{"embeddable":true,"href":"https:\/\/economiaconedmer.com\/economiaenserio\/wp-json\/wp\/v2\/comments?post=13039"}],"version-history":[{"count":2,"href":"https:\/\/economiaconedmer.com\/economiaenserio\/wp-json\/wp\/v2\/posts\/13039\/revisions"}],"predecessor-version":[{"id":13043,"href":"https:\/\/economiaconedmer.com\/economiaenserio\/wp-json\/wp\/v2\/posts\/13039\/revisions\/13043"}],"wp:featuredmedia":[{"embeddable":true,"href":"https:\/\/economiaconedmer.com\/economiaenserio\/wp-json\/wp\/v2\/media\/13041"}],"wp:attachment":[{"href":"https:\/\/economiaconedmer.com\/economiaenserio\/wp-json\/wp\/v2\/media?parent=13039"}],"wp:term":[{"taxonomy":"category","embeddable":true,"href":"https:\/\/economiaconedmer.com\/economiaenserio\/wp-json\/wp\/v2\/categories?post=13039"},{"taxonomy":"post_tag","embeddable":true,"href":"https:\/\/economiaconedmer.com\/economiaenserio\/wp-json\/wp\/v2\/tags?post=13039"}],"curies":[{"name":"wp","href":"https:\/\/api.w.org\/{rel}","templated":true}]}}