{"id":13031,"date":"2025-01-30T21:23:05","date_gmt":"2025-01-31T02:23:05","guid":{"rendered":"https:\/\/economiaconedmer.com\/economiaenserio\/?p=13031"},"modified":"2025-01-30T21:25:24","modified_gmt":"2025-01-31T02:25:24","slug":"plazoleta-de-la-paz-en-miranda-cauca-esta-lista","status":"publish","type":"post","link":"https:\/\/economiaconedmer.com\/economiaenserio\/01\/30\/plazoleta-de-la-paz-en-miranda-cauca-esta-lista\/destacados\/2025\/","title":{"rendered":"Plazoleta de la Paz en Miranda, Cauca, est\u00e1 lista"},"content":{"rendered":"\n<p><strong>Miranda, Cauca. 22 de enero de 2024<\/strong>. En el marco del compromiso del Gobierno del Cambio por transformar territorios hist\u00f3ricamente afectados por la violencia, el Ministerio de Comercio, Industria y Turismo y Fontur avanzan en la construcci\u00f3n de la Plazoleta Regional de la Paz, un proyecto emblem\u00e1tico que apuesta por el desarrollo y la reconciliaci\u00f3n en Miranda, Cauca. <\/p>\n\n\n\n<p>Con un avance del 53,34% de ejecuci\u00f3n f\u00edsica, este espacio ser\u00e1 un s\u00edmbolo de la promoci\u00f3n intercultural, el turismo y el emprendimiento en una regi\u00f3n que ha decidido escribir un nuevo cap\u00edtulo en su historia.<br>\u201cEl avance de este proyecto refleja nuestro compromiso con el desarrollo territorial y el bienestar de las comunidades locales. En un territorio marcado por las dificultades, estamos construyendo escenarios que no solo potencian el turismo, la cultura y las oportunidades de negocio, sino que tambi\u00e9n se convierten en motores de paz y esperanza\u201d, afirm\u00f3 el Gerente General (e) de Fontur, Fernando Estupi\u00f1\u00e1n.<br>La obra, que se enmarca en la estrategia de #ElPa\u00edsDeLaBelleza, busca destacar el enorme potencial de Colombia para atraer visitantes, no solo por su diversidad natural y cultural, sino tambi\u00e9n como un lugar de transformaci\u00f3n social.<br>El proyecto cuenta con una inversi\u00f3n total de $13.310 millones, de los cuales el municipio aport\u00f3 el 20% y est\u00e1n distribuidos entre el contrato de obra e interventor\u00eda. La plazoleta se proyecta entregar durante el segundo trimestre de 2025, aline\u00e1ndose con el prop\u00f3sito de dinamizar la econom\u00eda local a trav\u00e9s de iniciativas que generen empleo y promuevan el turismo.<br>Actualmente, el proyecto est\u00e1 generando 220 empleos entre directos e indirectos. Una vez abierto al p\u00fablico, se espera la creaci\u00f3n de 55 empleos adicionales, consolidando su impacto en las oportunidades laborales para la comunidad de Miranda. Adem\u00e1s, beneficiar\u00e1 a 32.861 habitantes del municipio, fortaleciendo el sector MICE (reuniones, incentivos, conferencias y exposiciones) e integrando a Miranda dentro de los destinos destacados para el turismo cultural y de negocios en Colombia.<br>Un espacio para la paz y la transformaci\u00f3n La Plazoleta Regional de la Paz no solo ser\u00e1 un lugar de encuentro para actividades culturales, tur\u00edsticas y de emprendimiento, sino tambi\u00e9n un s\u00edmbolo de transformaci\u00f3n. Este escenario busca promover la interculturalidad, fortalecer el tejido social y convertirse en un motor de reconciliaci\u00f3n para el Cauca.<\/p>\n","protected":false},"excerpt":{"rendered":"<p>Miranda, Cauca. 22 de enero de 2024. En el marco del compromiso del Gobierno del Cambio por transformar territorios hist\u00f3ricamente afectados por la violencia, el Ministerio de Comercio, Industria y Turismo y Fontur avanzan en la construcci\u00f3n de la Plazoleta Regional de la Paz, un proyecto emblem\u00e1tico que apuesta por el desarrollo y la reconciliaci\u00f3n&#8230;<\/p>\n","protected":false},"author":5,"featured_media":13033,"comment_status":"closed","ping_status":"closed","sticky":false,"template":"","format":"standard","meta":{"_FSMCFIC_featured_image_caption":"","_FSMCFIC_featured_image_nocaption":"","_FSMCFIC_featured_image_hide":"","footnotes":""},"categories":[21],"tags":[],"class_list":["post-13031","post","type-post","status-publish","format-standard","has-post-thumbnail","hentry","category-destacados"],"_links":{"self":[{"href":"https:\/\/economiaconedmer.com\/economiaenserio\/wp-json\/wp\/v2\/posts\/13031","targetHints":{"allow":["GET"]}}],"collection":[{"href":"https:\/\/economiaconedmer.com\/economiaenserio\/wp-json\/wp\/v2\/posts"}],"about":[{"href":"https:\/\/economiaconedmer.com\/economiaenserio\/wp-json\/wp\/v2\/types\/post"}],"author":[{"embeddable":true,"href":"https:\/\/economiaconedmer.com\/economiaenserio\/wp-json\/wp\/v2\/users\/5"}],"replies":[{"embeddable":true,"href":"https:\/\/economiaconedmer.com\/economiaenserio\/wp-json\/wp\/v2\/comments?post=13031"}],"version-history":[{"count":1,"href":"https:\/\/economiaconedmer.com\/economiaenserio\/wp-json\/wp\/v2\/posts\/13031\/revisions"}],"predecessor-version":[{"id":13032,"href":"https:\/\/economiaconedmer.com\/economiaenserio\/wp-json\/wp\/v2\/posts\/13031\/revisions\/13032"}],"wp:featuredmedia":[{"embeddable":true,"href":"https:\/\/economiaconedmer.com\/economiaenserio\/wp-json\/wp\/v2\/media\/13033"}],"wp:attachment":[{"href":"https:\/\/economiaconedmer.com\/economiaenserio\/wp-json\/wp\/v2\/media?parent=13031"}],"wp:term":[{"taxonomy":"category","embeddable":true,"href":"https:\/\/economiaconedmer.com\/economiaenserio\/wp-json\/wp\/v2\/categories?post=13031"},{"taxonomy":"post_tag","embeddable":true,"href":"https:\/\/economiaconedmer.com\/economiaenserio\/wp-json\/wp\/v2\/tags?post=13031"}],"curies":[{"name":"wp","href":"https:\/\/api.w.org\/{rel}","templated":true}]}}