{"id":12996,"date":"2025-01-28T21:38:00","date_gmt":"2025-01-29T02:38:00","guid":{"rendered":"https:\/\/economiaconedmer.com\/economiaenserio\/?p=12996"},"modified":"2025-01-28T21:39:32","modified_gmt":"2025-01-29T02:39:32","slug":"se-crece-participacion-de-brasil-en-colombiatex","status":"publish","type":"post","link":"https:\/\/economiaconedmer.com\/economiaenserio\/01\/28\/se-crece-participacion-de-brasil-en-colombiatex\/destacados\/2025\/","title":{"rendered":"Se crece participaci\u00f3n de Brasil en Colombiatex"},"content":{"rendered":"\n<p><strong>Medell\u00edn, 29 de enero de 2025<\/strong>. Medell\u00edn est\u00e1 lista para recibir a las m\u00e1s importantes delegaciones internacionales en la edici\u00f3n 37 de Colombiatex de las Am\u00e9ricas, el evento que cada a\u00f1o re\u00fane a los grandes protagonistas de la industria textil y de la moda en Am\u00e9rica Latina. Del 28 al 30 de enero de 2025, <strong>Plaza Mayor<\/strong> ser\u00e1 el epicentro de esta feria que, adem\u00e1s de consolidar a Medell\u00edn como un referente global, pone de relieve la creciente influencia de Brasil como socio estrat\u00e9gico de la industria colombiana.<\/p>\n\n\n\n<p>Con una delegaci\u00f3n de <strong>43 empresas brasile\u00f1as<\/strong>, Brasil no solo reafirma su liderazgo en tecnolog\u00eda textil y maquinaria, sino que se posiciona como un aliado crucial para el desarrollo del mercado colombiano y su proyecci\u00f3n internacional.<\/p>\n\n\n\n<p><strong>Una relaci\u00f3n bilateral fortalecida<\/strong><\/p>\n\n\n\n<p>Colombia y Brasil han construido una relaci\u00f3n comercial s\u00f3lida en el sector textil, impulsada por el <strong>Acuerdo de Complementaci\u00f3n Econ\u00f3mica de la ALADI<\/strong>, que elimina el 95% de los aranceles en esta categor\u00eda. Esta cooperaci\u00f3n ha permitido que ambas naciones no solo intercambien productos e insumos, sino que desarrollen propuestas conjuntas que combinan lo mejor de cada pa\u00eds: <strong>la tecnolog\u00eda avanzada brasile\u00f1a y el dise\u00f1o creativo colombiano<\/strong>.<\/p>\n\n\n\n<p>Seg\u00fan <strong>Sergio Escobar Sol\u00f3rzano<\/strong>, C\u00f3nsul Honorario de Brasil en Medell\u00edn, \u201cBrasil valora profundamente a Colombia como socio estrat\u00e9gico. Medell\u00edn, en particular, se ha convertido en una plataforma clave para negocios bilaterales gracias a su esp\u00edritu empresarial y su enfoque en la internacionalizaci\u00f3n\u201d.<\/p>\n\n\n\n<p><strong>Brasil en cifras y expectativas<\/strong><\/p>\n\n\n\n<p>En la edici\u00f3n anterior de Colombiatex, la delegaci\u00f3n brasile\u00f1a logr\u00f3 ventas por m\u00e1s de <strong>10 millones de d\u00f3lares<\/strong> y estableci\u00f3 m\u00e1s de <strong>5,000 contactos comerciales<\/strong> en pa\u00edses como M\u00e9xico, Venezuela, Ecuador, Chile y Estados Unidos. Para este 2025, la apuesta es superar estas cifras con la participaci\u00f3n de <strong>36 empresas del Programa Texbrasil<\/strong>, impulsado por la Asociaci\u00f3n Brasile\u00f1a de la Industria Textil y de Confecci\u00f3n (Abit) y ApexBrasil, y otras <strong>7 compa\u00f1\u00edas de la Asociaci\u00f3n Brasile\u00f1a de la Industria de M\u00e1quinas y Equipos (Abimaq)<\/strong>.<\/p>\n\n\n\n<p><strong>Tecnolog\u00eda brasile\u00f1a y dise\u00f1o colombiano: una alianza ganadora<\/strong><\/p>\n\n\n\n<p>La sinergia entre Colombia y Brasil radica en la complementariedad de sus fortalezas. Mientras Brasil lidera en el desarrollo de tecnolog\u00eda textil avanzada, Colombia aporta un enfoque \u00fanico en creatividad y dise\u00f1o. Esta combinaci\u00f3n permite crear productos innovadores que no solo impactan el mercado local, sino que tambi\u00e9n encuentran \u00e9xito en mercados internacionales como el norteamericano y el europeo.<\/p>\n\n\n\n<p>\u201cEl potencial de integrar insumos y tecnolog\u00eda brasile\u00f1a con el dise\u00f1o colombiano nos abre puertas en mercados estrat\u00e9gicos. Colombiatex es el escenario ideal para fortalecer esta colaboraci\u00f3n y explorar nuevas oportunidades de negocio\u201d, se\u00f1al\u00f3 Escobar Sol\u00f3rzano.<\/p>\n\n\n\n<p><strong>Brasil: motor de innovaci\u00f3n y sostenibilidad<\/strong><\/p>\n\n\n\n<p>El compromiso de Brasil con la innovaci\u00f3n y la sostenibilidad ser\u00e1 uno de los grandes atractivos de esta edici\u00f3n de Colombiatex. Algunas empresas presentar\u00e1n soluciones enfocadas en la <strong>producci\u00f3n responsable<\/strong> y en tecnolog\u00edas que optimizan los procesos textiles, minimizando su impacto ambiental.<\/p>\n\n\n\n<p>Adem\u00e1s, las marcas brasile\u00f1as no solo buscan expandir su presencia en el mercado colombiano, sino que tambi\u00e9n apuntan a establecer <strong>alianzas estrat\u00e9gicas<\/strong> que impulsen la creaci\u00f3n de productos binacionales. Estos podr\u00edan aprovechar los tratados de libre comercio de Colombia para entrar a mercados como M\u00e9xico, Canad\u00e1 y Estados Unidos.<\/p>\n\n\n\n<p><\/p>\n","protected":false},"excerpt":{"rendered":"<p>Medell\u00edn, 29 de enero de 2025. Medell\u00edn est\u00e1 lista para recibir a las m\u00e1s importantes delegaciones internacionales en la edici\u00f3n 37 de Colombiatex de las Am\u00e9ricas, el evento que cada a\u00f1o re\u00fane a los grandes protagonistas de la industria textil y de la moda en Am\u00e9rica Latina. Del 28 al 30 de enero de 2025,&#8230;<\/p>\n","protected":false},"author":5,"featured_media":12998,"comment_status":"closed","ping_status":"closed","sticky":false,"template":"","format":"standard","meta":{"_FSMCFIC_featured_image_caption":"","_FSMCFIC_featured_image_nocaption":"","_FSMCFIC_featured_image_hide":"","footnotes":""},"categories":[21],"tags":[],"class_list":["post-12996","post","type-post","status-publish","format-standard","has-post-thumbnail","hentry","category-destacados"],"_links":{"self":[{"href":"https:\/\/economiaconedmer.com\/economiaenserio\/wp-json\/wp\/v2\/posts\/12996","targetHints":{"allow":["GET"]}}],"collection":[{"href":"https:\/\/economiaconedmer.com\/economiaenserio\/wp-json\/wp\/v2\/posts"}],"about":[{"href":"https:\/\/economiaconedmer.com\/economiaenserio\/wp-json\/wp\/v2\/types\/post"}],"author":[{"embeddable":true,"href":"https:\/\/economiaconedmer.com\/economiaenserio\/wp-json\/wp\/v2\/users\/5"}],"replies":[{"embeddable":true,"href":"https:\/\/economiaconedmer.com\/economiaenserio\/wp-json\/wp\/v2\/comments?post=12996"}],"version-history":[{"count":1,"href":"https:\/\/economiaconedmer.com\/economiaenserio\/wp-json\/wp\/v2\/posts\/12996\/revisions"}],"predecessor-version":[{"id":12997,"href":"https:\/\/economiaconedmer.com\/economiaenserio\/wp-json\/wp\/v2\/posts\/12996\/revisions\/12997"}],"wp:featuredmedia":[{"embeddable":true,"href":"https:\/\/economiaconedmer.com\/economiaenserio\/wp-json\/wp\/v2\/media\/12998"}],"wp:attachment":[{"href":"https:\/\/economiaconedmer.com\/economiaenserio\/wp-json\/wp\/v2\/media?parent=12996"}],"wp:term":[{"taxonomy":"category","embeddable":true,"href":"https:\/\/economiaconedmer.com\/economiaenserio\/wp-json\/wp\/v2\/categories?post=12996"},{"taxonomy":"post_tag","embeddable":true,"href":"https:\/\/economiaconedmer.com\/economiaenserio\/wp-json\/wp\/v2\/tags?post=12996"}],"curies":[{"name":"wp","href":"https:\/\/api.w.org\/{rel}","templated":true}]}}