{"id":12982,"date":"2025-01-28T20:04:06","date_gmt":"2025-01-29T01:04:06","guid":{"rendered":"https:\/\/economiaconedmer.com\/economiaenserio\/?p=12982"},"modified":"2025-01-28T20:18:20","modified_gmt":"2025-01-29T01:18:20","slug":"corte-constitucional-le-exige-al-gobierno-revisar-ajustes-a-la-upc","status":"publish","type":"post","link":"https:\/\/economiaconedmer.com\/economiaenserio\/01\/28\/corte-constitucional-le-exige-al-gobierno-revisar-ajustes-a-la-upc\/el_bolsillo\/2025\/","title":{"rendered":"Corte Constitucional exige al Gobierno ajustar la UPC"},"content":{"rendered":"\n<p><strong>Bogot\u00e1, enero 28 de 2025.<\/strong>\u00a0Pacientes Colombia, movimiento que agrupa a 199 organizaciones de pacientes en todo el pa\u00eds, celebra la decisi\u00f3n de la Corte Constitucional por la que se exige al Ministerio de Salud y Protecci\u00f3n Social la creaci\u00f3n de un mecanismo de reajuste que deber\u00e1 aplicarse a la UPC de 2024 y 2025. Lo anterior se debe a que la Corte Constitucional ha determinado que existe un incumplimiento general en la suficiencia de la UPC, lo que implica que los recursos asignados no son adecuados para cubrir las necesidades de salud de la poblaci\u00f3n.<\/p>\n\n\n\n<p>Para cumplir con la decisi\u00f3n, la Corte exige al Ministerio la creaci\u00f3n de una mesa de trabajo con la participaci\u00f3n plural de los diferentes actores del sector en la que se pueda revisar el valor de la UPC de 2024 y los rezagos desde 2021, con el prop\u00f3sito de ajustar las primas no reconocidas desde ese periodo, correspondientes a las insuficiencias de los recursos no pagados para la salud de los colombianos. Por este motivo, los movimientos de pacientes hacen un llamamiento al Ministerio para que garantice su participaci\u00f3n en estos espacios ordenados judicialmente y que tienen como objetivo tomar decisiones importantes para garantizar el derecho a la salud.<\/p>\n\n\n\n<p>El punto anterior incluye la definici\u00f3n de los porcentajes y las fechas m\u00e1ximas de pago para el reconocimiento de las cantidades destinadas a garantizar el flujo de recursos a toda la cadena de prestaci\u00f3n de servicios de salud y asegurar que los fondos de la UPC se destinen a la ejecuci\u00f3n del plan de beneficios en salud.&nbsp;<\/p>\n\n\n\n<p>Adem\u00e1s, exige reajustar la metodolog\u00eda de c\u00e1lculo de la UPC para los pr\u00f3ximos a\u00f1os, incluida la definici\u00f3n realizada por el Ministerio de Salud a trav\u00e9s de la Resoluci\u00f3n 2717 de 2024, en la que se ajust\u00f3 el valor de la UPC en un 5,36 % para 2025.<\/p>\n\n\n\n<p>\u00ab<em>La Corte Constitucional sigue demostrando en sus decisiones que la protecci\u00f3n y garant\u00eda del derecho a la salud es un elemento prioritario que no puede verse condicionado por limitaciones presupuestarias. Como organizaci\u00f3n de la sociedad civil, desde Pacientes Colombia nos constituiremos como una veedur\u00eda ciudadana para que, en las mesas de trabajo, se tomen decisiones y se eval\u00faen alternativas que respondan a las necesidades de los pacientes. En caso de que el Ministerio de Salud y Protecci\u00f3n Social cumpla con lo exigido y se generen giros, revisaremos que esos fondos se destinen a la atenci\u00f3n integral en salud, la entrega de medicamentos, asignaci\u00f3n de citas, los pagos de los salarios del personal de la salud y la garant\u00eda de la red de prestaci\u00f3n de servicios<\/em>\u00bb, indic\u00f3 Denis Silva, vocero de Pacientes Colombia.<\/p>\n\n\n\n<p>La organizaci\u00f3n de pacientes tambi\u00e9n celebra la ordenanza de la Corte Constitucional por la que se obliga a la Fiscal\u00eda General de la Naci\u00f3n a realizar las investigaciones correspondientes para identificar el cambio de la destinaci\u00f3n de los recursos para fines distintos a la atenci\u00f3n integral en salud. Tambi\u00e9n, el numeral en el que se obliga a las EPS a reasignar los valores para la constituci\u00f3n de las reservas t\u00e9cnicas una vez se hayan cumplido las \u00f3rdenes anteriormente mencionadas.<\/p>\n\n\n\n<p>Desde la sociedad civil, existe una preocupaci\u00f3n por el incumplimiento de la cartera de salud de la decisi\u00f3n de la Corte Constitucional, notificada el 21 de enero, en la que se determin\u00f3 la transferencia de los recursos de reajuste de los Presupuestos M\u00e1ximos de la vigencia de 2022 en un plazo de 48 horas y la solicitud de recalcular los Presupuestos M\u00e1ximos para 2025, ya que la asignaci\u00f3n de 502 mil millones de pesos resulta insuficiente.<\/p>\n\n\n\n<p>Finalmente, el movimiento Pacientes Colombia invita a todos los colombianos a sumarse al cacerolazo SOS por la salud que se realizar\u00e1 este mi\u00e9rcoles 29 de enero a las 19:00 h para llamar la atenci\u00f3n del Gobierno nacional y pedirle que priorice soluciones efectivas que fortalezcan el sistema de salud y aseguren una atenci\u00f3n digna y de calidad.<\/p>\n\n\n\n<p><a href=\"https:\/\/apis.mail.yahoo.com\/ws\/v3\/mailboxes\/@.id==VjN-nvGxvxp6slsJ7XaZR8YmsogdnozBHU_HaiMTSDdfB8s7FZOzPTJgIewPEpj0VQjY6F676llwJijNHGM9Rx73ng\/messages\/@.id==AKOa5bws9jbHZ5knpAnToGpTL3U\/content\/parts\/@.id==2\/refresh?appid=YMailNorrin&amp;ymreqid=18c51cdc-3e9d-5bdf-1c60-9a0003014000\"><\/a><\/p>\n","protected":false},"excerpt":{"rendered":"<p>Bogot\u00e1, enero 28 de 2025.\u00a0Pacientes Colombia, movimiento que agrupa a 199 organizaciones de pacientes en todo el pa\u00eds, celebra la decisi\u00f3n de la Corte Constitucional por la que se exige al Ministerio de Salud y Protecci\u00f3n Social la creaci\u00f3n de un mecanismo de reajuste que deber\u00e1 aplicarse a la UPC de 2024 y 2025. Lo&#8230;<\/p>\n","protected":false},"author":5,"featured_media":12984,"comment_status":"closed","ping_status":"closed","sticky":false,"template":"","format":"standard","meta":{"_FSMCFIC_featured_image_caption":"","_FSMCFIC_featured_image_nocaption":"","_FSMCFIC_featured_image_hide":"","footnotes":""},"categories":[2],"tags":[],"class_list":["post-12982","post","type-post","status-publish","format-standard","has-post-thumbnail","hentry","category-el_bolsillo"],"_links":{"self":[{"href":"https:\/\/economiaconedmer.com\/economiaenserio\/wp-json\/wp\/v2\/posts\/12982","targetHints":{"allow":["GET"]}}],"collection":[{"href":"https:\/\/economiaconedmer.com\/economiaenserio\/wp-json\/wp\/v2\/posts"}],"about":[{"href":"https:\/\/economiaconedmer.com\/economiaenserio\/wp-json\/wp\/v2\/types\/post"}],"author":[{"embeddable":true,"href":"https:\/\/economiaconedmer.com\/economiaenserio\/wp-json\/wp\/v2\/users\/5"}],"replies":[{"embeddable":true,"href":"https:\/\/economiaconedmer.com\/economiaenserio\/wp-json\/wp\/v2\/comments?post=12982"}],"version-history":[{"count":4,"href":"https:\/\/economiaconedmer.com\/economiaenserio\/wp-json\/wp\/v2\/posts\/12982\/revisions"}],"predecessor-version":[{"id":12991,"href":"https:\/\/economiaconedmer.com\/economiaenserio\/wp-json\/wp\/v2\/posts\/12982\/revisions\/12991"}],"wp:featuredmedia":[{"embeddable":true,"href":"https:\/\/economiaconedmer.com\/economiaenserio\/wp-json\/wp\/v2\/media\/12984"}],"wp:attachment":[{"href":"https:\/\/economiaconedmer.com\/economiaenserio\/wp-json\/wp\/v2\/media?parent=12982"}],"wp:term":[{"taxonomy":"category","embeddable":true,"href":"https:\/\/economiaconedmer.com\/economiaenserio\/wp-json\/wp\/v2\/categories?post=12982"},{"taxonomy":"post_tag","embeddable":true,"href":"https:\/\/economiaconedmer.com\/economiaenserio\/wp-json\/wp\/v2\/tags?post=12982"}],"curies":[{"name":"wp","href":"https:\/\/api.w.org\/{rel}","templated":true}]}}