{"id":12751,"date":"2025-01-13T21:03:15","date_gmt":"2025-01-14T02:03:15","guid":{"rendered":"https:\/\/economiaconedmer.com\/economiaenserio\/?p=12751"},"modified":"2025-01-13T21:13:26","modified_gmt":"2025-01-14T02:13:26","slug":"valle-del-cauca-muestra-su-cara-turistica","status":"publish","type":"post","link":"https:\/\/economiaconedmer.com\/economiaenserio\/01\/13\/valle-del-cauca-muestra-su-cara-turistica\/el_resto\/2025\/","title":{"rendered":"Valle del Cauca muestra su cara tur\u00edstica"},"content":{"rendered":"\n<p><strong>Cali, enero 13 de 2024.<\/strong> El Departamento del Valle del Cauca lanz\u00f3 una campa\u00f1a tur\u00edstica que va m\u00e1s all\u00e1 de ser reconocida como la regi\u00f3n de la salsa. En un evento realizado en una sala de Cine Colombia, las autoridades mostraron los paisajes, la inmensa diversidad que va desde la majestuosa cordillera occidental hasta las hermosas playas del Pac\u00edfico.<\/p>\n\n\n\n<figure class=\"wp-block-image size-large\"><img loading=\"lazy\" decoding=\"async\" width=\"300\" height=\"200\" src=\"https:\/\/economiaconedmer.com\/economiaenserio\/wp-content\/uploads\/2025\/01\/Campana-Valle-del-Cauca-300x200.jpeg\" alt=\"\" class=\"wp-image-12755\" srcset=\"https:\/\/economiaconedmer.com\/economiaenserio\/wp-content\/uploads\/2025\/01\/Campana-Valle-del-Cauca-300x200.jpeg 300w, https:\/\/economiaconedmer.com\/economiaenserio\/wp-content\/uploads\/2025\/01\/Campana-Valle-del-Cauca-250x167.jpeg 250w, https:\/\/economiaconedmer.com\/economiaenserio\/wp-content\/uploads\/2025\/01\/Campana-Valle-del-Cauca-768x512.jpeg 768w, https:\/\/economiaconedmer.com\/economiaenserio\/wp-content\/uploads\/2025\/01\/Campana-Valle-del-Cauca-820x545.jpeg 820w, https:\/\/economiaconedmer.com\/economiaenserio\/wp-content\/uploads\/2025\/01\/Campana-Valle-del-Cauca-600x400.jpeg 600w, https:\/\/economiaconedmer.com\/economiaenserio\/wp-content\/uploads\/2025\/01\/Campana-Valle-del-Cauca.jpeg 1280w\" sizes=\"auto, (max-width: 300px) 100vw, 300px\" \/><\/figure>\n\n\n\n<p> Este territorio cuenta con una riqueza natural que invita a descubrir paisajes \u00fanicos y biodiversos, los cuales, le han permitido ser la \u201cguarder\u00eda de ballenatos\u201d o el destino para practicar parapente en Roldanillo o bucear con tiburones martillo en Bah\u00eda M\u00e1laga. Adem\u00e1s, de ser un epicentro cultural donde late con fuerza el coraz\u00f3n de la cultura afro, representado por el emblem\u00e1tico Festival Petronio \u00c1lvarez.<\/p>\n\n\n\n<p>Buscando explotar esta diversidad cultural, gastron\u00f3mica y ambiental para conectar emocionalmente con viajeros de todo el mundo, la Gobernaci\u00f3n del Valle del Cauca, la Secretar\u00eda de Turismo bajo la mirada innovadora de la agencia creativa de turismo, Tornus, recientemente hicieron el lanzamiento de la campa\u00f1a: \u00abVisit Valle, El Para\u00edso, donde tus mejores recuerdos est\u00e1n por llegar\u00bb.<\/p>\n\n\n\n<p>Un proyecto, que en palabras de la gobernadora Dilian Francisca Toro Torres, no solo es una estrategia para atraer turistas, sino una herramienta para catalizar bienestar, desarrollo econ\u00f3mico y orgullo regional.<\/p>\n\n\n\n<p>El lanzamiento de esta iniciativa marca un punto de inflexi\u00f3n para el turismo del Valle. De acuerdo con Juli\u00e1n Franco, secretario de Turismo, esta campa\u00f1a disruptiva combina creatividad y tecnolog\u00eda para destacar la diversidad del departamento. \u201cQuer\u00edamos una propuesta \u00fanica que no solo emocionara, sino que tambi\u00e9n posicionara a la regi\u00f3n como un destino de clase mundial. &#8216;Donde tus mejores recuerdos est\u00e1n por llegar&#8217; es mucho m\u00e1s que un eslogan: es una invitaci\u00f3n a descubrir un territorio que te transforma\u201d, afirm\u00f3.<\/p>\n\n\n\n<p>Con un enfoque narrativo innovador, la campa\u00f1a explora conceptos como las pertenencias, la autenticidad y la b\u00fasqueda de nuevas memorias. \u201cEl objetivo era crear una narrativa que resonara profundamente, no solo para atraer visitas, sino para crear conexiones significativas\u201d, enfatiza Dago Ospina, CEO de Tornus.<\/p>\n\n\n\n<p>Bajo una estrategia transmedia que combina herramientas digitales y medios tradicionales, la campa\u00f1a fue lanzada el 20 de diciembre en un evento \u00fanico al que asistieron personalidades pol\u00edticas, empresariales e influenciadores en una de las salas de Cine Colombia. Durante el evento, se present\u00f3 un video de una activaci\u00f3n BTL como previa de todo lo que vendr\u00e1 m\u00e1s adelante,&nbsp; mostrando a un grupo musical del Pac\u00edfico colombiano llevando la tradici\u00f3n vallecaucana a las principales ciudades europeas, como Roma, Par\u00eds y Madrid, a trav\u00e9s de la m\u00fasica y el baile del currulao.<\/p>\n\n\n\n<p>Asimismo, como parte de esta iniciativa, la Secretar\u00eda de Turismo realizar\u00e1 el lanzamiento de dos gu\u00edas tur\u00edsticas en las que ha estado trabajando. Por un lado, una gu\u00eda para recorrer y explorar los 42 municipios del Valle del Cauca y, por otro, una propuesta que promueve el turismo de salud y en la que los viajeros podr\u00e1n encontrar la variada oferta que tiene esta regi\u00f3n en cuanto a procedimientos y especialistas.<\/p>\n\n\n\n<p>El concepto creativo se centra en la reconexi\u00f3n que los viajeros sienten con el Valle del Cauca, ya sea como una b\u00fasqueda consciente o un llamado profundo e intuitivo. Esta idea se nutre de m\u00faltiples insights: pertenencia, autenticidad, transformaci\u00f3n personal y la creaci\u00f3n de nuevas memorias.<\/p>\n\n\n\n<p>Sin embargo, esto solo es el comienzo de esta gran campa\u00f1a, pues en los primeros meses de enero y febrero se esperan otras estrategias en el marco de eventos como FITUR o ANATO, las principales vitrinas tur\u00edsticas de nivel internacional y nacional, respectivamente. Lanzamientos que est\u00e1n dise\u00f1ados para captar la atenci\u00f3n de diversos p\u00fablicos.<\/p>\n\n\n\n<p>Por ahora, el crecimiento tur\u00edstico del Valle del Cauca en los \u00faltimos a\u00f1os refuerza el impacto potencial de esta iniciativa. Seg\u00fan datos del Sistema de Informaci\u00f3n Tur\u00edstica del Valle (SITUR), el departamento recibi\u00f3 m\u00e1s de 6.4 millones de turistas en 2024 y se espera superar los 7.2 millones con el impulso de las festividades de fin de a\u00f1o.<\/p>\n\n\n\n<p>En cuanto a la gastronom\u00eda, publicaciones internacionales contin\u00faan reconociendo la autenticidad y diversidad de la cocina vallecaucana, posicion\u00e1ndose como un componente clave de la oferta tur\u00edstica regional. \u201cEl auge tur\u00edstico que vivimos es fruto de un esfuerzo conjunto para fortalecer nuestra competitividad y mostrarnos al mundo como un destino integral\u201d, subray\u00f3 el secretario de Turismo, Juli\u00e1n Franco.<\/p>\n\n\n\n<p>M\u00e1s all\u00e1 del impacto medi\u00e1tico, la campa\u00f1a busca fomentar un turismo consciente, incluyendo a comunidades locales como protagonistas. En palabras de la gobernadora Dilian Francisca Toro: \u201cNuestro enfoque es inclusivo. Queremos que el crecimiento tur\u00edstico sea tambi\u00e9n una herramienta de desarrollo social y econ\u00f3mico, sin comprometer nuestra biodiversidad\u201d.<\/p>\n\n\n\n<p>Proyectos como el programa Pueblos M\u00e1gicos, el impulso al turismo gastron\u00f3mico, el turismo de salud como ancla y el turismo industrial reflejan este compromiso. Adem\u00e1s, la regi\u00f3n est\u00e1 liderando esfuerzos en capacitaci\u00f3n para garantizar servicios de calidad y atraer turistas m\u00e1s exigentes.<\/p>\n\n\n\n<p>\u201cVisit Valle, El Para\u00edso, donde tus mejores recuerdos est\u00e1n por llegar\u201d tambi\u00e9n se centra en despertar un sentido de pertenencia y orgullo local. De esta forma, la Secretar\u00eda de Turismo apuesta por posicionar al Valle del Cauca como cuna del Pac\u00edfico y ejemplo de sostenibilidad, autenticidad y riqueza cultural. Por lo que cada detalle del proyecto, desde los videos promocionales hasta las colaboraciones con creadores de contenido, est\u00e1 dise\u00f1ado para evocar emociones profundas y duraderas.<\/p>\n\n\n\n<p><\/p>\n","protected":false},"excerpt":{"rendered":"<p>Cali, enero 13 de 2024. El Departamento del Valle del Cauca lanz\u00f3 una campa\u00f1a tur\u00edstica que va m\u00e1s all\u00e1 de ser reconocida como la regi\u00f3n de la salsa. En un evento realizado en una sala de Cine Colombia, las autoridades mostraron los paisajes, la inmensa diversidad que va desde la majestuosa cordillera occidental hasta las&#8230;<\/p>\n","protected":false},"author":5,"featured_media":12753,"comment_status":"closed","ping_status":"closed","sticky":false,"template":"","format":"standard","meta":{"_FSMCFIC_featured_image_caption":"","_FSMCFIC_featured_image_nocaption":"","_FSMCFIC_featured_image_hide":"","footnotes":""},"categories":[22,28],"tags":[],"class_list":["post-12751","post","type-post","status-publish","format-standard","has-post-thumbnail","hentry","category-el_resto","category-turismo"],"_links":{"self":[{"href":"https:\/\/economiaconedmer.com\/economiaenserio\/wp-json\/wp\/v2\/posts\/12751","targetHints":{"allow":["GET"]}}],"collection":[{"href":"https:\/\/economiaconedmer.com\/economiaenserio\/wp-json\/wp\/v2\/posts"}],"about":[{"href":"https:\/\/economiaconedmer.com\/economiaenserio\/wp-json\/wp\/v2\/types\/post"}],"author":[{"embeddable":true,"href":"https:\/\/economiaconedmer.com\/economiaenserio\/wp-json\/wp\/v2\/users\/5"}],"replies":[{"embeddable":true,"href":"https:\/\/economiaconedmer.com\/economiaenserio\/wp-json\/wp\/v2\/comments?post=12751"}],"version-history":[{"count":2,"href":"https:\/\/economiaconedmer.com\/economiaenserio\/wp-json\/wp\/v2\/posts\/12751\/revisions"}],"predecessor-version":[{"id":12756,"href":"https:\/\/economiaconedmer.com\/economiaenserio\/wp-json\/wp\/v2\/posts\/12751\/revisions\/12756"}],"wp:featuredmedia":[{"embeddable":true,"href":"https:\/\/economiaconedmer.com\/economiaenserio\/wp-json\/wp\/v2\/media\/12753"}],"wp:attachment":[{"href":"https:\/\/economiaconedmer.com\/economiaenserio\/wp-json\/wp\/v2\/media?parent=12751"}],"wp:term":[{"taxonomy":"category","embeddable":true,"href":"https:\/\/economiaconedmer.com\/economiaenserio\/wp-json\/wp\/v2\/categories?post=12751"},{"taxonomy":"post_tag","embeddable":true,"href":"https:\/\/economiaconedmer.com\/economiaenserio\/wp-json\/wp\/v2\/tags?post=12751"}],"curies":[{"name":"wp","href":"https:\/\/api.w.org\/{rel}","templated":true}]}}