{"id":12372,"date":"2024-12-15T12:37:25","date_gmt":"2024-12-15T17:37:25","guid":{"rendered":"https:\/\/economiaconedmer.com\/economiaenserio\/?p=12372"},"modified":"2024-12-15T12:39:55","modified_gmt":"2024-12-15T17:39:55","slug":"sucre-reconocido-en-premios-construyendo-suenos","status":"publish","type":"post","link":"https:\/\/economiaconedmer.com\/economiaenserio\/12\/15\/sucre-reconocido-en-premios-construyendo-suenos\/destacados\/2024\/","title":{"rendered":"Sucre, reconocido en premios Construyendo Sue\u00f1os"},"content":{"rendered":"\n<p>El departamento de Sucre, bajo el liderazgo de la gobernadora Lucy Garc\u00eda, fue escogido&nbsp; por Colombia L\u00edder como un territorio referente en el premio Construyendo Sue\u00f1os,&nbsp; reconocimiento que cuenta con el respaldo de la Fundaci\u00f3n Konrad Adenauer. Este premio destaca las mejores estrategias implementadas a nivel nacional para garantizar los derechos y el desarrollo integral de la ni\u00f1ez y la juventud.<\/p>\n\n\n\n<p>Entre m\u00e1s de 400 entidades inscritas, Sucre sobresali\u00f3 gracias a su Plan de Desarrollo \u201cSucre, Tierra de Oportunidades\u201d, el cual coloca a los ni\u00f1os, ni\u00f1as, adolescentes y j\u00f3venes como protagonistas activos en la inversi\u00f3n y la planificaci\u00f3n de los proyectos de desarrollo departamental, asegurando su protecci\u00f3n y bienestar integral a trav\u00e9s de un enfoque basado en derechos.<\/p>\n\n\n\n<p>\u201cSucre construye sue\u00f1os y oportunidades para los ni\u00f1os, ni\u00f1as, adolescentes y j\u00f3venes. Ellos son los protagonistas del departamento. Gracias a Colombia l\u00edder por este premio que reconoce el compromiso con la inclusi\u00f3n de la voz de nuestros ni\u00f1os y j\u00f3venes en Plan de Desarrollo Departamental\u201d anot\u00f3 la gobernadora Lucy Garc\u00eda.<\/p>\n\n\n\n<p>El proceso de evaluaci\u00f3n fue liderado por un riguroso grupo de Universidades y organizaciones expertas, entre las que se encuentran: la Asociaci\u00f3n Colombiana de Facultades y Departamentos de Econom\u00eda, la Escuela de Alto Gobierno de la Universidad de los Andes, la Fundaci\u00f3n Universitaria Los Libertadores, la Universidades del Cauca y Quind\u00edo y tambi\u00e9n prestigiosas instituciones como la Universidad Externado y Javeriana, entre otras.<\/p>\n\n\n\n<p>Estas entidades analizaron las postulaciones con criterios objetivos y t\u00e9cnicos, destacando la calidad e impacto de las estrategias implementadas.<\/p>\n\n\n\n<p>\u201cEste reconocimiento nos motiva a seguir trabajando arduamente por quienes nos inspiran: nuestros ni\u00f1os, ni\u00f1as, adolescentes y j\u00f3venes, quienes nos impulsan a construir un territorio justo, incluyente y transformador\u201d, afirm\u00f3 la mandataria sucre\u00f1a durante la premiaci\u00f3n.<\/p>\n\n\n\n<p>La gobernadora Lucy Garc\u00eda, enfatiz\u00f3 que lo innovador y transformador del Plan de Desarrollo Sucre, Tierra de Oportunidades es la participaci\u00f3n efectiva de los ni\u00f1os y j\u00f3venes en los programas de la administraci\u00f3n. \u201cEllos no solo son el presente de nuestra sociedad, sino los arquitectos del futuro. Sus voces, ideas y creatividad son fundamentales para dise\u00f1ar e implementar pol\u00edticas p\u00fablicas que respondan verdaderamente a sus necesidades y aspiraciones\u201d, puntualiz\u00f3.<\/p>\n\n\n\n<p>Lo verdaderamente importante no es el premio, sino la gesti\u00f3n concreta y constante que se viene desarrollando desde el territorio para mejorar la vida de los ni\u00f1os, ni\u00f1as y adolescentes de Sucre. Cada acci\u00f3n y estrategia implementada busca garantizar su derecho a un entorno saludable, seguro y con oportunidades reales de desarrollo.<\/p>\n\n\n\n<p>En este contexto, el compromiso del gobierno departamental se refleja en el cumplimiento de las 10 categor\u00edas de gesti\u00f3n para la ni\u00f1ez propuestas por la iniciativa Ni\u00f1ez YA. Los resultados obtenidos por Sucre han sido destacados, con una calificaci\u00f3n de excelencia en temas como salud y nutrici\u00f3n, acceso al juego y protecci\u00f3n contra la violencia. Asimismo, el departamento se ha posicionado como sobresaliente en \u00e1reas como educaci\u00f3n inicial, educaci\u00f3n b\u00e1sica, ambiente sano y fortalecimiento familiar. Por otro lado, las categor\u00edas de cultura de paz y participaci\u00f3n se encuentran en un nivel aceptable, evidenciando un avance constante en estos aspectos.<\/p>\n\n\n\n<p>Estas calificaciones evidencian un trabajo integral que va m\u00e1s all\u00e1 de la simple ejecuci\u00f3n de programas. Se trata de construir una pol\u00edtica p\u00fablica donde los ni\u00f1os y j\u00f3venes no sean solo beneficiarios, sino actores clave en la transformaci\u00f3n de su territorio.<\/p>\n\n\n\n<p>\u201cLas pol\u00edticas p\u00fablicas que estamos implementando tienen como base a las familias, a los ni\u00f1os, a los adolescentes y a cada comunidad. Porque son ellos quienes impulsan cualquier transformaci\u00f3n real y duradera\u201d concluy\u00f3 la goberna<\/p>\n\n\n\n<p><\/p>\n","protected":false},"excerpt":{"rendered":"<p>El departamento de Sucre, bajo el liderazgo de la gobernadora Lucy Garc\u00eda, fue escogido&nbsp; por Colombia L\u00edder como un territorio referente en el premio Construyendo Sue\u00f1os,&nbsp; reconocimiento que cuenta con el respaldo de la Fundaci\u00f3n Konrad Adenauer. Este premio destaca las mejores estrategias implementadas a nivel nacional para garantizar los derechos y el desarrollo integral&#8230;<\/p>\n","protected":false},"author":5,"featured_media":12374,"comment_status":"closed","ping_status":"closed","sticky":false,"template":"","format":"standard","meta":{"_FSMCFIC_featured_image_caption":"","_FSMCFIC_featured_image_nocaption":"","_FSMCFIC_featured_image_hide":"","footnotes":""},"categories":[21],"tags":[],"class_list":["post-12372","post","type-post","status-publish","format-standard","has-post-thumbnail","hentry","category-destacados"],"_links":{"self":[{"href":"https:\/\/economiaconedmer.com\/economiaenserio\/wp-json\/wp\/v2\/posts\/12372","targetHints":{"allow":["GET"]}}],"collection":[{"href":"https:\/\/economiaconedmer.com\/economiaenserio\/wp-json\/wp\/v2\/posts"}],"about":[{"href":"https:\/\/economiaconedmer.com\/economiaenserio\/wp-json\/wp\/v2\/types\/post"}],"author":[{"embeddable":true,"href":"https:\/\/economiaconedmer.com\/economiaenserio\/wp-json\/wp\/v2\/users\/5"}],"replies":[{"embeddable":true,"href":"https:\/\/economiaconedmer.com\/economiaenserio\/wp-json\/wp\/v2\/comments?post=12372"}],"version-history":[{"count":1,"href":"https:\/\/economiaconedmer.com\/economiaenserio\/wp-json\/wp\/v2\/posts\/12372\/revisions"}],"predecessor-version":[{"id":12373,"href":"https:\/\/economiaconedmer.com\/economiaenserio\/wp-json\/wp\/v2\/posts\/12372\/revisions\/12373"}],"wp:featuredmedia":[{"embeddable":true,"href":"https:\/\/economiaconedmer.com\/economiaenserio\/wp-json\/wp\/v2\/media\/12374"}],"wp:attachment":[{"href":"https:\/\/economiaconedmer.com\/economiaenserio\/wp-json\/wp\/v2\/media?parent=12372"}],"wp:term":[{"taxonomy":"category","embeddable":true,"href":"https:\/\/economiaconedmer.com\/economiaenserio\/wp-json\/wp\/v2\/categories?post=12372"},{"taxonomy":"post_tag","embeddable":true,"href":"https:\/\/economiaconedmer.com\/economiaenserio\/wp-json\/wp\/v2\/tags?post=12372"}],"curies":[{"name":"wp","href":"https:\/\/api.w.org\/{rel}","templated":true}]}}