{"id":12300,"date":"2024-12-11T18:30:14","date_gmt":"2024-12-11T23:30:14","guid":{"rendered":"https:\/\/economiaconedmer.com\/economiaenserio\/?p=12300"},"modified":"2024-12-11T18:31:26","modified_gmt":"2024-12-11T23:31:26","slug":"kuna-mya-plataforma-reina-de-emprendimientos-en-cundinamarca","status":"publish","type":"post","link":"https:\/\/economiaconedmer.com\/economiaenserio\/12\/11\/kuna-mya-plataforma-reina-de-emprendimientos-en-cundinamarca\/destacados\/2024\/","title":{"rendered":"Kuna MyA, plataforma reina de emprendimientos en Cundinamarca"},"content":{"rendered":"\n<p>Kuna MyA termina su ciclo de las Noches de Guaro, una iniciativa que ha fortalecido la vitrina empresarial de Cundinamarca al promocionar productos de artesanos, emprendedores y fabricantes locales. Este proyecto se posiciona como un modelo exitoso de impulso al emprendimiento y la cultura regional. Al mismo tiempo, este ciclo inaugura para el pr\u00f3ximo a\u00f1o muchas m\u00e1s actividades que, continuar\u00e1n fortaleciendo la tradici\u00f3n de apoyar lo local y la cultura.\u00a0<\/p>\n\n\n\n<p>Seg\u00fan la C\u00e1mara de Comercio de Bogot\u00e1, el 18% de las empresas registradas en su jurisdicci\u00f3n entre enero y diciembre de 2023 se ubican en municipios de Cundinamarca, reflejando la vitalidad econ\u00f3mica del departamento y consolid\u00e1ndolo como un motor clave de desarrollo empresarial en el pa\u00eds.<\/p>\n\n\n\n<p>Es importante se\u00f1alar que a trav\u00e9s de estas activaciones, Kuna MyA ha ofrecido una plataforma para adquirir productos \u00fanicos de alta calidad 100% org\u00e1nicos, desde alimentos y cosm\u00e9ticos hasta artesan\u00edas y art\u00edculos para el hogar, destacando el talento y la creatividad de los emprendedores locales.&nbsp;<\/p>\n\n\n\n<p>La alta participaci\u00f3n de visitantes que oscilaron entre 100 a los 200 fue esencial para el \u00e9xito de este primer ciclo de la gran vitrina de Cundinamarca, *posicion\u00e1ndola como referente nacional en creatividad y emprendimiento, fortaleciendo la identidad cultural y econ\u00f3mica de la regi\u00f3n, sentando as\u00ed las bases para futuras ediciones que contin\u00faen impulsando el desarrollo empresarial y social del departamento.<\/p>\n","protected":false},"excerpt":{"rendered":"<p>Kuna MyA termina su ciclo de las Noches de Guaro, una iniciativa que ha fortalecido la vitrina empresarial de Cundinamarca al promocionar productos de artesanos, emprendedores y fabricantes locales. Este proyecto se posiciona como un modelo exitoso de impulso al emprendimiento y la cultura regional. Al mismo tiempo, este ciclo inaugura para el pr\u00f3ximo a\u00f1o&#8230;<\/p>\n","protected":false},"author":5,"featured_media":12302,"comment_status":"closed","ping_status":"closed","sticky":false,"template":"","format":"standard","meta":{"_FSMCFIC_featured_image_caption":"","_FSMCFIC_featured_image_nocaption":"","_FSMCFIC_featured_image_hide":"","footnotes":""},"categories":[21],"tags":[],"class_list":["post-12300","post","type-post","status-publish","format-standard","has-post-thumbnail","hentry","category-destacados"],"_links":{"self":[{"href":"https:\/\/economiaconedmer.com\/economiaenserio\/wp-json\/wp\/v2\/posts\/12300","targetHints":{"allow":["GET"]}}],"collection":[{"href":"https:\/\/economiaconedmer.com\/economiaenserio\/wp-json\/wp\/v2\/posts"}],"about":[{"href":"https:\/\/economiaconedmer.com\/economiaenserio\/wp-json\/wp\/v2\/types\/post"}],"author":[{"embeddable":true,"href":"https:\/\/economiaconedmer.com\/economiaenserio\/wp-json\/wp\/v2\/users\/5"}],"replies":[{"embeddable":true,"href":"https:\/\/economiaconedmer.com\/economiaenserio\/wp-json\/wp\/v2\/comments?post=12300"}],"version-history":[{"count":1,"href":"https:\/\/economiaconedmer.com\/economiaenserio\/wp-json\/wp\/v2\/posts\/12300\/revisions"}],"predecessor-version":[{"id":12301,"href":"https:\/\/economiaconedmer.com\/economiaenserio\/wp-json\/wp\/v2\/posts\/12300\/revisions\/12301"}],"wp:featuredmedia":[{"embeddable":true,"href":"https:\/\/economiaconedmer.com\/economiaenserio\/wp-json\/wp\/v2\/media\/12302"}],"wp:attachment":[{"href":"https:\/\/economiaconedmer.com\/economiaenserio\/wp-json\/wp\/v2\/media?parent=12300"}],"wp:term":[{"taxonomy":"category","embeddable":true,"href":"https:\/\/economiaconedmer.com\/economiaenserio\/wp-json\/wp\/v2\/categories?post=12300"},{"taxonomy":"post_tag","embeddable":true,"href":"https:\/\/economiaconedmer.com\/economiaenserio\/wp-json\/wp\/v2\/tags?post=12300"}],"curies":[{"name":"wp","href":"https:\/\/api.w.org\/{rel}","templated":true}]}}