{"id":12291,"date":"2024-12-10T21:03:59","date_gmt":"2024-12-11T02:03:59","guid":{"rendered":"https:\/\/economiaconedmer.com\/economiaenserio\/?p=12291"},"modified":"2024-12-10T21:12:33","modified_gmt":"2024-12-11T02:12:33","slug":"japon-y-colombia-abren-convocatoria-al-premio-buen-diseno","status":"publish","type":"post","link":"https:\/\/economiaconedmer.com\/economiaenserio\/12\/10\/japon-y-colombia-abren-convocatoria-al-premio-buen-diseno\/el_resto\/2024\/","title":{"rendered":"Jap\u00f3n y Colombia abren convocatoria al Premio Buen Dise\u00f1o"},"content":{"rendered":"\n<p>Bogot\u00e1, diciembre de 2024. Como resultado de una alianza entre el Gobierno de Jap\u00f3n y de Colombia, a trav\u00e9s del Ministerio de Comercio, Industria y Turismo, iNNpulsa Colombia y la Universidad Nacional<br>de Colombia, llega al pa\u00eds por primera vez el Premio Buen Dise\u00f1o.<br>Este reconocimiento busca destacar a emprendedores, peque\u00f1as y medianas empresas, organizaciones sociales y dise\u00f1adores con proyectos innovadores y sostenibles enfocados en la mitigaci\u00f3n del impacto<br>ambiental, la cohesi\u00f3n social y comunitaria, el desarrollo econ\u00f3mico local y la innovaci\u00f3n tecnol\u00f3gica.<br>Esta versi\u00f3n del premio en Colombia sigue los lineamientos del prestigioso Good Design Award de Jap\u00f3n, iniciativa que ya se ha realizado en otros pa\u00edses y que por primera vez se realiza en Latinoam\u00e9rica.<\/p>\n\n\n\n<p>\u201cEsta colaboraci\u00f3n internacional busca continuar consolidando a Colombia como referente en dise\u00f1o innovador y reconocer el talento de nuestro pa\u00eds. Agradecemos al Gobierno de Jap\u00f3n por acompa\u00f1ar al pa\u00eds en este reconocimiento, con el cual esperamos impulsar a m\u00e1s mipymes a desarrollar proyectos que contribuyan al medioambiente y al desarrollo de sus comunidades\u201d, indic\u00f3 Lorenzo Castillo Barvo, viceministro (e) de Desarrollo Empresarial.<br>Los participantes podr\u00e1n postular proyectos en cuatro categor\u00edas clave:<\/p>\n\n\n\n<p>Aplicaci\u00f3n de resultados de investigaci\u00f3n o desarrollo tecnol\u00f3gico: innovaciones que incorporen conocimiento o desarrollos de \u00faltima generaci\u00f3n para el mejoramiento de la calidad de vida.<br>\u201cCon esta iniciativa, seguimos fortaleciendo lazos internacionales para traer a nuestro pa\u00eds m\u00e1s oportunidades para nuestros emprendedores y empresarios, porque sabemos que tienen el talento y la creatividad necesaria para llegar a otros mercados, con este premio buscamos agilizar este proceso y abrirles puertas en todo el mundo\u201d, destac\u00f3 Hern\u00e1n Ceballos Gacharn\u00e1, gerente general de iNNpulsa Colombia \u2013 Colombia Productiva.<\/p>\n\n\n\n<p>Ambiente y adaptaci\u00f3n y mitigaci\u00f3n del cambio clim\u00e1tico: dise\u00f1os que reduzcan impactos ambientales o aporten soluciones sostenibles.<\/p>\n\n\n\n<p>Inclusi\u00f3n, equidad y desarrollo social: iniciativas que fomentan la cohesi\u00f3n social y el empoderamiento comunitario.<\/p>\n\n\n\n<p>Activaci\u00f3n econ\u00f3mica de los oficios locales: propuestas que integran tradiciones, conocimientos y expresiones culturales locales para mejorar la competitividad y lograr desarrollo econ\u00f3mico.<\/p>\n\n\n\n<p>Adem\u00e1s de recibir el reconocimiento del jurado, los ganadores obtendr\u00e1n el sello Buen Dise\u00f1o Colombia, una distinci\u00f3n que respalda la excelencia de sus proyectos y podr\u00e1 abrir puertas tanto en mercados<br>nacionales como internacionales.<br>Las inscripciones est\u00e1n abiertas desde el 3 de diciembre de 2024 hasta el 25 de febrero de 2025. Los interesados podr\u00e1n consultar las bases, requisitos y beneficios del premio en el sitio web oficial del Premio www.premiobuendisenocolombia.com , donde tambi\u00e9n encontrar\u00e1n informaci\u00f3n para realizar su postulaci\u00f3n.<\/p>\n","protected":false},"excerpt":{"rendered":"<p>Bogot\u00e1, diciembre de 2024. Como resultado de una alianza entre el Gobierno de Jap\u00f3n y de Colombia, a trav\u00e9s del Ministerio de Comercio, Industria y Turismo, iNNpulsa Colombia y la Universidad Nacionalde Colombia, llega al pa\u00eds por primera vez el Premio Buen Dise\u00f1o.Este reconocimiento busca destacar a emprendedores, peque\u00f1as y medianas empresas, organizaciones sociales y&#8230;<\/p>\n","protected":false},"author":5,"featured_media":12293,"comment_status":"closed","ping_status":"closed","sticky":false,"template":"","format":"standard","meta":{"_FSMCFIC_featured_image_caption":"","_FSMCFIC_featured_image_nocaption":"","_FSMCFIC_featured_image_hide":"","footnotes":""},"categories":[22],"tags":[],"class_list":["post-12291","post","type-post","status-publish","format-standard","has-post-thumbnail","hentry","category-el_resto"],"_links":{"self":[{"href":"https:\/\/economiaconedmer.com\/economiaenserio\/wp-json\/wp\/v2\/posts\/12291","targetHints":{"allow":["GET"]}}],"collection":[{"href":"https:\/\/economiaconedmer.com\/economiaenserio\/wp-json\/wp\/v2\/posts"}],"about":[{"href":"https:\/\/economiaconedmer.com\/economiaenserio\/wp-json\/wp\/v2\/types\/post"}],"author":[{"embeddable":true,"href":"https:\/\/economiaconedmer.com\/economiaenserio\/wp-json\/wp\/v2\/users\/5"}],"replies":[{"embeddable":true,"href":"https:\/\/economiaconedmer.com\/economiaenserio\/wp-json\/wp\/v2\/comments?post=12291"}],"version-history":[{"count":1,"href":"https:\/\/economiaconedmer.com\/economiaenserio\/wp-json\/wp\/v2\/posts\/12291\/revisions"}],"predecessor-version":[{"id":12292,"href":"https:\/\/economiaconedmer.com\/economiaenserio\/wp-json\/wp\/v2\/posts\/12291\/revisions\/12292"}],"wp:featuredmedia":[{"embeddable":true,"href":"https:\/\/economiaconedmer.com\/economiaenserio\/wp-json\/wp\/v2\/media\/12293"}],"wp:attachment":[{"href":"https:\/\/economiaconedmer.com\/economiaenserio\/wp-json\/wp\/v2\/media?parent=12291"}],"wp:term":[{"taxonomy":"category","embeddable":true,"href":"https:\/\/economiaconedmer.com\/economiaenserio\/wp-json\/wp\/v2\/categories?post=12291"},{"taxonomy":"post_tag","embeddable":true,"href":"https:\/\/economiaconedmer.com\/economiaenserio\/wp-json\/wp\/v2\/tags?post=12291"}],"curies":[{"name":"wp","href":"https:\/\/api.w.org\/{rel}","templated":true}]}}