{"id":12263,"date":"2024-12-09T20:27:24","date_gmt":"2024-12-10T01:27:24","guid":{"rendered":"https:\/\/economiaconedmer.com\/economiaenserio\/?p=12263"},"modified":"2024-12-09T20:29:42","modified_gmt":"2024-12-10T01:29:42","slug":"caf-pone-la-primera-piedra-de-su-nueva-sede-en-colombia","status":"publish","type":"post","link":"https:\/\/economiaconedmer.com\/economiaenserio\/12\/09\/caf-pone-la-primera-piedra-de-su-nueva-sede-en-colombia\/el_resto\/2024\/","title":{"rendered":"CAF pone la primera piedra de la sede que construir\u00e1 en Colombia"},"content":{"rendered":"\n<p><em><strong>Bogot\u00e1, diciembre 9 de 2024.<\/strong> <\/em>Durante la ceremonia de colocaci\u00f3n de la primera piedra del edificio de la CAF, el presidente del organismo internacional, Sergio D\u00edaz-Granados,  asegur\u00f3 que este proyecto es un reflejo de los valores de la instituci\u00f3n y de su relaci\u00f3n hist\u00f3rica con Colombia, uno de los pa\u00edses fundadores de CAF.<\/p>\n\n\n\n<p>El dise\u00f1o del edificio refleja la identidad de CAF, integr\u00e1ndose arm\u00f3nicamente con el entorno urbano de Bogot\u00e1. La edificaci\u00f3n contar\u00e1 con accesibilidad universal, \u00e1reas abiertas al p\u00fablico y una plaza a triple altura que conectar\u00e1 la ciudad con la visi\u00f3n de la instituci\u00f3n. Adem\u00e1s, incorpora soluciones para fomentar la movilidad sostenible, en l\u00ednea con las tendencias globales hacia una transici\u00f3n verde. Estas caracter\u00edsticas buscan no solo hacer del edificio un espacio funcional, sino tambi\u00e9n un \u00edcono arquitect\u00f3nico en la ciudad.<\/p>\n\n\n\n<p>\u201cLa banca de desarrollo no debe seguir la misma l\u00f3gica financiera del sector privado, porque bancos ya existen. Su papel es ir m\u00e1s all\u00e1, generando bienes y retornos sociales que trascienden el simple retorno financiero. La causa nacional latinoamericana es, ante todo, una causa social, y ese debe ser el esp\u00edritu que anime nuestras acciones\u201d, dijo Luis Carlos Reyes Hern\u00e1ndez, ministro de Comercio, Industria y Turismo de Colombia.<\/p>\n\n\n\n<p>Por su parte, Jorge Emilio S\u00e1nchez Rey, Gobernador de Cundinamarca, dijo que \u201cCAF ha demostrado ser ese aliado, cerrando brechas de desigualdad, empoderando a las comunidades rurales y liderando proyectos transformadores. Juntos podemos lograr no solo desarrollo, sino lo que llamo la econom\u00eda de la felicidad\u201d.<\/p>\n\n\n\n<p>La ubicaci\u00f3n del edificio en una de las zonas m\u00e1s emblem\u00e1ticas de Bogot\u00e1, responde a un cuidadoso an\u00e1lisis urbano y a las necesidades de la instituci\u00f3n. La cercan\u00eda a centros comerciales, empresariales y de servicios hace que este sea un punto estrat\u00e9gico para la operaci\u00f3n de CAF y para fortalecer su v\u00ednculo con las comunidades y aliados estrat\u00e9gicos en el pa\u00eds.<\/p>\n\n\n\n<p><\/p>\n","protected":false},"excerpt":{"rendered":"<p>Bogot\u00e1, diciembre 9 de 2024. Durante la ceremonia de colocaci\u00f3n de la primera piedra del edificio de la CAF, el presidente del organismo internacional, Sergio D\u00edaz-Granados, asegur\u00f3 que este proyecto es un reflejo de los valores de la instituci\u00f3n y de su relaci\u00f3n hist\u00f3rica con Colombia, uno de los pa\u00edses fundadores de CAF. El dise\u00f1o&#8230;<\/p>\n","protected":false},"author":5,"featured_media":12267,"comment_status":"closed","ping_status":"closed","sticky":false,"template":"","format":"standard","meta":{"_FSMCFIC_featured_image_caption":"","_FSMCFIC_featured_image_nocaption":"","_FSMCFIC_featured_image_hide":"","footnotes":""},"categories":[22],"tags":[],"class_list":["post-12263","post","type-post","status-publish","format-standard","has-post-thumbnail","hentry","category-el_resto"],"_links":{"self":[{"href":"https:\/\/economiaconedmer.com\/economiaenserio\/wp-json\/wp\/v2\/posts\/12263","targetHints":{"allow":["GET"]}}],"collection":[{"href":"https:\/\/economiaconedmer.com\/economiaenserio\/wp-json\/wp\/v2\/posts"}],"about":[{"href":"https:\/\/economiaconedmer.com\/economiaenserio\/wp-json\/wp\/v2\/types\/post"}],"author":[{"embeddable":true,"href":"https:\/\/economiaconedmer.com\/economiaenserio\/wp-json\/wp\/v2\/users\/5"}],"replies":[{"embeddable":true,"href":"https:\/\/economiaconedmer.com\/economiaenserio\/wp-json\/wp\/v2\/comments?post=12263"}],"version-history":[{"count":2,"href":"https:\/\/economiaconedmer.com\/economiaenserio\/wp-json\/wp\/v2\/posts\/12263\/revisions"}],"predecessor-version":[{"id":12266,"href":"https:\/\/economiaconedmer.com\/economiaenserio\/wp-json\/wp\/v2\/posts\/12263\/revisions\/12266"}],"wp:featuredmedia":[{"embeddable":true,"href":"https:\/\/economiaconedmer.com\/economiaenserio\/wp-json\/wp\/v2\/media\/12267"}],"wp:attachment":[{"href":"https:\/\/economiaconedmer.com\/economiaenserio\/wp-json\/wp\/v2\/media?parent=12263"}],"wp:term":[{"taxonomy":"category","embeddable":true,"href":"https:\/\/economiaconedmer.com\/economiaenserio\/wp-json\/wp\/v2\/categories?post=12263"},{"taxonomy":"post_tag","embeddable":true,"href":"https:\/\/economiaconedmer.com\/economiaenserio\/wp-json\/wp\/v2\/tags?post=12263"}],"curies":[{"name":"wp","href":"https:\/\/api.w.org\/{rel}","templated":true}]}}