{"id":12198,"date":"2024-12-08T08:00:29","date_gmt":"2024-12-08T13:00:29","guid":{"rendered":"https:\/\/economiaconedmer.com\/economiaenserio\/?p=12198"},"modified":"2024-12-08T08:02:02","modified_gmt":"2024-12-08T13:02:02","slug":"hacer-cine-en-colombia-buen-negocio","status":"publish","type":"post","link":"https:\/\/economiaconedmer.com\/economiaenserio\/12\/08\/hacer-cine-en-colombia-buen-negocio\/destacados\/2024\/","title":{"rendered":"Hacer cine en Colombia, \u00a1Buen negocio!"},"content":{"rendered":"\n<p><strong>Bogot\u00e1, diciembre 8  de 2024<\/strong>. Despu\u00e9s de conquistar los mercados nacionales, el festival Smartfilms anuncia su presencia en Rep\u00fablica Dominicana para el 2025, as\u00ed como la b\u00fasqueda de comunidades latinas en Estados Unidos, y la alianza con el festival m\u00e1s antiguo del continente FICCI, adem\u00e1s confirma su segunda edici\u00f3n en regi\u00f3n Smartfilms Medell\u00edn. En sus primeros diez a\u00f1os, este festival incentiv\u00f3 la creaci\u00f3n de m\u00e1s de 10 mil cortometrajes hechos por m\u00e1s de 54 mil participantes, y hoy quiere llevar su tesis comprobada a todo el globo.<\/p>\n\n\n\n<p>La creciente industria audiovisual Colombiana ha contado con el apoyo de pol\u00edticas p\u00fablicas como la ley 814 del 2003, conocida como la Ley de Cine, que ha sido clave para posicionar al pa\u00eds como un referente en la regi\u00f3n por sus altos est\u00e1ndares de calidad. Este desarrollo, convierte al sector en un escenario atractivo no solo para inversiones privadas, sino tambi\u00e9n como un agente impulsor para el cumplimiento de los Objetivos de Desarrollo Sostenible de las Naciones Unidas. Un ejemplo destacado es Valencia Producciones FX, casa productora del festival Smartfilms y Stargate Studios Colombia, l\u00edder mundial en efectos visuales para cine y televisi\u00f3n, que a trav\u00e9s de m\u00e1s de 50 alianzas corporativas, han logrado resultados que reflejan el impacto transformador de la colaboraci\u00f3n entre el sector audiovisual y el sector empresarial.<\/p>\n\n\n\n<p>Este s\u00f3lido andamiaje corporativo que ha permitido que, en su primera d\u00e9cada de trabajo, Valencia Producciones FX, haya llegado a m\u00e1s de 500 ciudades del pa\u00eds con talleres Smartfilms, capacitando de manera gratuita a 60 mil personas en las principales \u00e1reas de realizaci\u00f3n audiovisual. Adem\u00e1s, el festival SMARTFILMS\u00ae ha logrado cerrar la brecha de participaci\u00f3n femenina, increment\u00e1ndola del 20% al 52 %, consolid\u00e1ndose como un referente de inclusi\u00f3n en la industria.\u00a0 Su impacto no pasa desapercibido: el festival hecho con celulares ha sido declarado por la OMPI, Organizaci\u00f3n Mundial de Propiedad Intelectual, como el m\u00e1s grande e incluyente del mundo.\u00a0 En 2019 recibi\u00f3 el premio Novartis de Innovaci\u00f3n,\u00a0 y tambi\u00e9n en noviembre de este a\u00f1o, recibi\u00f3 el reconocimiento de <em>Innovaci\u00f3n<\/em> en el Congreso Internacional Futuro MEGA Sostenible de Fenalco Solidario.<\/p>\n\n\n\n<p>Valencia Producciones FX se ha convertido en un espacio donde convergen la empresa privada, prop\u00f3sitos gubernamentales y los consumidores, uniendo la tecnolog\u00eda e innovaci\u00f3n con el marketing y responsabilidad social. Hoy en su compromiso por seguir generando oportunidades de desarrollo, empleo y fortalecer tanto la industria audiovisual como cultural, contin\u00faa expandiendo su equipo de trabajo. Con este prop\u00f3sito, se suma a la organizaci\u00f3n Carlos Fajardo, quien asumir\u00e1 el cargo de Vicepresidente Comercial, Marketing y Comunicaciones. Con una s\u00f3lida trayectoria en liderazgo y desarrollo de estrategias de posicionamiento, Carlos Fajardo impulsar\u00e1 el fortalecimiento de las hojas de ruta que permitir\u00e1n a Valencia Producciones FX avanzar en su misi\u00f3n de democratizar el s\u00e9ptimo arte en el mundo.<\/p>\n\n\n\n<p><\/p>\n","protected":false},"excerpt":{"rendered":"<p>Bogot\u00e1, diciembre 8 de 2024. Despu\u00e9s de conquistar los mercados nacionales, el festival Smartfilms anuncia su presencia en Rep\u00fablica Dominicana para el 2025, as\u00ed como la b\u00fasqueda de comunidades latinas en Estados Unidos, y la alianza con el festival m\u00e1s antiguo del continente FICCI, adem\u00e1s confirma su segunda edici\u00f3n en regi\u00f3n Smartfilms Medell\u00edn. En sus&#8230;<\/p>\n","protected":false},"author":5,"featured_media":12200,"comment_status":"closed","ping_status":"closed","sticky":false,"template":"","format":"standard","meta":{"_FSMCFIC_featured_image_caption":"","_FSMCFIC_featured_image_nocaption":"","_FSMCFIC_featured_image_hide":"","footnotes":""},"categories":[21],"tags":[],"class_list":["post-12198","post","type-post","status-publish","format-standard","has-post-thumbnail","hentry","category-destacados"],"_links":{"self":[{"href":"https:\/\/economiaconedmer.com\/economiaenserio\/wp-json\/wp\/v2\/posts\/12198","targetHints":{"allow":["GET"]}}],"collection":[{"href":"https:\/\/economiaconedmer.com\/economiaenserio\/wp-json\/wp\/v2\/posts"}],"about":[{"href":"https:\/\/economiaconedmer.com\/economiaenserio\/wp-json\/wp\/v2\/types\/post"}],"author":[{"embeddable":true,"href":"https:\/\/economiaconedmer.com\/economiaenserio\/wp-json\/wp\/v2\/users\/5"}],"replies":[{"embeddable":true,"href":"https:\/\/economiaconedmer.com\/economiaenserio\/wp-json\/wp\/v2\/comments?post=12198"}],"version-history":[{"count":1,"href":"https:\/\/economiaconedmer.com\/economiaenserio\/wp-json\/wp\/v2\/posts\/12198\/revisions"}],"predecessor-version":[{"id":12199,"href":"https:\/\/economiaconedmer.com\/economiaenserio\/wp-json\/wp\/v2\/posts\/12198\/revisions\/12199"}],"wp:featuredmedia":[{"embeddable":true,"href":"https:\/\/economiaconedmer.com\/economiaenserio\/wp-json\/wp\/v2\/media\/12200"}],"wp:attachment":[{"href":"https:\/\/economiaconedmer.com\/economiaenserio\/wp-json\/wp\/v2\/media?parent=12198"}],"wp:term":[{"taxonomy":"category","embeddable":true,"href":"https:\/\/economiaconedmer.com\/economiaenserio\/wp-json\/wp\/v2\/categories?post=12198"},{"taxonomy":"post_tag","embeddable":true,"href":"https:\/\/economiaconedmer.com\/economiaenserio\/wp-json\/wp\/v2\/tags?post=12198"}],"curies":[{"name":"wp","href":"https:\/\/api.w.org\/{rel}","templated":true}]}}