{"id":12190,"date":"2024-12-07T19:52:09","date_gmt":"2024-12-08T00:52:09","guid":{"rendered":"https:\/\/economiaconedmer.com\/economiaenserio\/?p=12190"},"modified":"2024-12-12T06:24:23","modified_gmt":"2024-12-12T11:24:23","slug":"baja-inflacion-la-nueva-mejor-amiga-de-los-colombianos-2","status":"publish","type":"post","link":"https:\/\/economiaconedmer.com\/economiaenserio\/12\/07\/baja-inflacion-la-nueva-mejor-amiga-de-los-colombianos-2\/el_bolsillo\/2024\/","title":{"rendered":"Baja inflaci\u00f3n, la nueva mejor amiga de los colombianos"},"content":{"rendered":"\n<p><em style=\"font-weight: bold;\">Aunque la gente no lo crea ni lo perciba, como el salario m\u00ednimo lleva dos a\u00f1os subiendo varios puntos por encima de la inflaci\u00f3n, la plata de quienes lo devengan, ahora alcanza para comprar m\u00e1s cosas que antes. Eso no significa que los precios hayan bajado, sino que han subido menos. <\/em><\/p>\n\n\n\n<p><strong>\u00c9dmer Tovar Mart\u00ednez &#8211; Director del portal \u00abEconom\u00eda en Serio\u00bb<\/strong><\/p>\n\n\n\n<p><strong>Bogot\u00e1, 11 de diciembre de 2024.<\/strong><\/p>\n\n\n\n<p>La inflaci\u00f3n, calificada por los expertos como el peor \u2018impuesto\u2019 de los hogares, se convirti\u00f3 en 2024 en la nueva mejor amiga del bolsillo de los colombianos, gracias a que lleva casi dos a\u00f1os consecutivos moderando su crecimiento. Es m\u00e1s, todo indica que este comportamiento seguir\u00e1 de largo en 2025. <\/p>\n\n\n\n<p>Hoy, los analistas coinciden en que la desaceleraci\u00f3n del costo de vida en Colombia es la noticia econ\u00f3mica m\u00e1s importante del 2024. Incluso, el Banco de la Rep\u00fablica estima que la inflaci\u00f3n seguir\u00e1 disminuyendo su ritmo en 2025, lo que le permitir\u00e1 a la entidad regresar a su rango meta anual de entre 2% y 4%, con un promedio de 3%, luego de tres a\u00f1os de incumplimiento de ese objetivo. \u00a0\u00abCon los resultados ya alcanzados vemos viable cumplir con esa meta en 2025\u00bb dijo el gerente del Banco, Leonardo Villar, en el Foro Perspectivas Econ\u00f3micas realizado por\u00a0Corficolombiana el pasado 3 de diciembre.<\/p>\n\n\n\n<p>Las cifras lo dicen todo. Hace 21 meses (marzo de 2023) el \u00edndice anual de los precios al consumidor era de 13,34%, pero a partir de ese momento la inflaci\u00f3n empez\u00f3 a ceder terreno, hasta el punto de que diciembre de ese a\u00f1o cerr\u00f3 en 9,28%, y a noviembre de 2024 el acumulado de los \u00faltimos 12 meses se ubic\u00f3 en 5,20%. Los analistas y el propio Ministerio de Hacienda estiman que al finalizar el presente a\u00f1o el IPC de Colombia se ubicar\u00e1 en alrededor de 4,8% o 5,0%.<\/p>\n\n\n\n<p>De acuerdo con el Banco de la Rep\u00fablica, la inflaci\u00f3n de alimentos<strong>\u00a0<\/strong>baj\u00f3 desde un m\u00e1ximo de 28% en diciembre de 2022 a 1,7% en octubre de 2024, mientras que la inflaci\u00f3n de bienes, excluyendo alimentos y combustibles, disminuy\u00f3 de casi 15% a mediados de 2023 a solo 0,4% anual en las cifras m\u00e1s recientes.<\/p>\n\n\n\n<p>\u201cEl porcentaje de reducci\u00f3n de los precios es uno de las m\u00e1s significativos que ha tenido Colombia en los \u00faltimos 100 a\u00f1os\u201d, dijo hace un par de meses el gerente del Emisor, Leonardo Villar Borda.&nbsp;<\/p>\n\n\n\n<p>Pero \u201ctorcerle el espinazo a la inflaci\u00f3n\u201d, no ha sido f\u00e1cil. Durante los meses en los que la inflaci\u00f3n estuvo por encima del 10%, los colombianos tuvieron que soportar un aumento paralelo de las tasas de inter\u00e9s del Banco de la Rep\u00fablica, las cuales alcanzaron un techo de 13,25% en abril de 2023, y de paso se llevaron por delante a varios sectores, en incluso pusieron a la econom\u00eda colombiana al borde de la recesi\u00f3n, situaci\u00f3n en la que alcanzaron a caer sectores clave como la industria, el comercio y la construcci\u00f3n, entre otros. En su momento, el consuelo de las autoridades econ\u00f3micas nacionales era que la subida de los precios respond\u00eda a una tendencia mundial, y que este no era un problema exclusivo de Colombia.<\/p>\n\n\n<div class=\"wp-block-image\">\n<figure class=\"aligncenter size-full\"><img loading=\"lazy\" decoding=\"async\" width=\"768\" height=\"418\" src=\"https:\/\/economiaconedmer.com\/economiaenserio\/wp-content\/uploads\/2024\/12\/Inflacion-12-meses.bmp\" alt=\"\" class=\"wp-image-12241\"\/><\/figure>\n<\/div>\n\n\n<p>Sin embargo, el tema gener\u00f3 preocupaci\u00f3n cuando la inflaci\u00f3n empez\u00f3 a ceder en el resto del planeta, mientras que en Colombia sigui\u00f3 de largo durante buena parte del 2022. El gerente del Banrep\u00fablica reconoci\u00f3 en su momento, que las alzas de los productos de la canasta familiar cogieron mucha ventaja debido a que la Junta del Emisor se demor\u00f3 un poco en aumentar su tasa de inter\u00e9s de referencia. En efecto, los codirectores empezaron a subir los tipos de inter\u00e9s en octubre de 2021, cuando pasaron de 1,75% a 2,0%. Una vez iniciada la tendencia ascendente, esta se prolong\u00f3 por 18 meses hasta llegar al techo de 13,25% en abril de 2023, nivel en el cual se estacion\u00f3 durante 7 meses consecutivos. Solo en diciembre de ese a\u00f1o comenz\u00f3 a revertir su tendencia, con una primera reducci\u00f3n de 25 puntos b\u00e1sicos, para cerrar en 13%.<\/p>\n\n\n\n<figure class=\"wp-block-video\"><video height=\"478\" style=\"aspect-ratio: 848 \/ 478;\" width=\"848\" controls src=\"https:\/\/economiaconedmer.com\/economiaenserio\/wp-content\/uploads\/2024\/12\/VIDEO-2024-12-10-19-54-58-1.mp4\"><\/video><\/figure>\n\n\n\n<p>El impopular esfuerzo del Banrep\u00fablica de moderar la baja de su tasa de referencia como medida para frenar la escalada alcista, les pas\u00f3 factura a los codirectores, quienes tuvieron que enfrentarse a la presi\u00f3n del Gobierno. Incluso, pas\u00f3 lo que pol\u00edticamente parec\u00eda imposible: el presidente Gustavo Petro, los congresistas y los empresarios se unieron para pedirle al Banco que profundizara la reducci\u00f3n de las tasas, con el fin de darle un empuj\u00f3n a la econom\u00eda, la cual, por esos d\u00edas, se asomaba al hueco de la recesi\u00f3n.<\/p>\n\n\n\n<p>A\u00fan as\u00ed, el Banrep\u00fablica se mantuvo firme en su pol\u00edtica monetaria de reducci\u00f3n moderada de su tasa de inter\u00e9s de referencia, y no cedi\u00f3 a las peticiones del Ejecutivo, el Legislativo, el sector privado y algunos analistas.<\/p>\n\n\n<div class=\"wp-block-image\">\n<figure class=\"aligncenter size-full\"><img loading=\"lazy\" decoding=\"async\" width=\"1105\" height=\"469\" src=\"https:\/\/economiaconedmer.com\/economiaenserio\/wp-content\/uploads\/2024\/12\/Inflacion-mensual.bmp\" alt=\"\" class=\"wp-image-12244\"\/><\/figure>\n<\/div>\n\n\n<p>Hoy, los acad\u00e9micos coinciden en que los codirectores ten\u00edan la raz\u00f3n. Lo que muchos calificaban como terquedad de los miembros de la junta del banco central, ahora se reconoce como una actuaci\u00f3n seria. <\/p>\n\n\n\n<p><strong>La baja inflaci\u00f3n es buena para todos<\/strong><\/p>\n\n\n\n<p>Est\u00e1 claro que la inflaci\u00f3n trae consigo una larga cadena de beneficios para el pa\u00eds y los ciudadanos, dando lugar a un c\u00edrculo virtuoso. Si los precios de los productos de la canasta familiar bajan o sus alzas se moderan, tambi\u00e9n disminuyen las tasas de inter\u00e9s, la econom\u00eda crece, se genera empleo, se recupera la demanda y se reactivan el cr\u00e9dito, la construcci\u00f3n, la industria, el comercio y el turismo, entre otras actividades.<\/p>\n\n\n\n<p>Es evidente que el efecto positivo del menor crecimiento de la inflaci\u00f3n durante casi dos a\u00f1os, se sentir\u00e1 con mayor fuerza a comienzos del 2025, porque, aunque la cascada de alzas de enero se mantendr\u00e1, su \u2018chorro\u2019 impactar\u00e1 con menos fuerza el bolsillo de los colombianos, gracias a que 188 tr\u00e1mites y servicios est\u00e1n atados (indexados)  al IPC causado el a\u00f1o inmediatamente anterior. En otras palabras, cuando la inflaci\u00f3n es menor, como suceder\u00e1 al cierre del 2024, los incrementos obligatorios de comienzos del 2025 ser\u00e1n m\u00e1s suaves que los de inicios de los dos anos anteriores. Igual suceder\u00e1 con el ajuste en arriendos, pensiones en colegios y universidades, peajes y tarifas de algunos servicios privados vigilados por el Estado. \u00abMedicamentos y otros productos no pueden seguir indexados al aumento del salario m\u00ednimo\u00bb, dijo recientemente la ministra de Trabajo, Gloria In\u00e9s Ram\u00edrez, en una entrevista publicada en El Tiempo <\/p>\n\n\n\n<p>Por su parte, las empresas ven con buenos ojos que el aumento del salario m\u00ednimo del 2025, que se est\u00e1 discutiendo en estos d\u00edas, no sobrepase el porcentaje de la inflaci\u00f3n causada, es decir, alrededor del 5%, m\u00e1s el \u00edndice de productividad, con lo cual se llegar\u00eda al 6% o 6,5%.<\/p>\n\n\n\n<p>Sin embargo, el ministro de Hacienda, Diego Guevara, mostr\u00f3 su inclinaci\u00f3n por un incremento del salario m\u00ednimo del 2025 superior a la inflaci\u00f3n causada en 2024, m\u00e1s el \u00cdndice de Productividad. \u00abEsos dos indicadores son apenas un piso del reajuste salarial y no un techo\u00bb, asegur\u00f3 el ministro reci\u00e9n posesionado.<\/p>\n\n\n\n<p><strong>Por qu\u00e9 se desaceler\u00f3 la inflaci\u00f3n en Colombia <\/strong>&nbsp;&nbsp;&nbsp;<\/p>\n\n\n\n<p>Este fen\u00f3meno se produjo por varias razones, pero las dos m\u00e1s importantes son: La pol\u00edtica monetaria del Banco de la Rep\u00fablica, basada en el recorte gradual y sostenido de las tasas de inter\u00e9s, y la reducci\u00f3n de la demanda de los hogares generada por el alto costo del dinero y la menor din\u00e1mica de la actividad productiva. Como la gente no ten\u00eda dinero con qu\u00e9 comprar productos y los empresarios tampoco pod\u00edan vender toda su producci\u00f3n, las alzas de los art\u00edculos de la canasta familiar se moderaron.<\/p>\n\n\n\n<p>De esa manera, los colombianos pudieron superar pruebas como sequ\u00edas, inviernos, aumentos de tarifas de servicios p\u00fablicos, alzas de combustibles y peajes, bloqueo de v\u00edas, paros, marchas y protestas.<\/p>\n\n\n<div class=\"wp-block-image\">\n<figure class=\"aligncenter size-full\"><img loading=\"lazy\" decoding=\"async\" width=\"1076\" height=\"439\" src=\"https:\/\/economiaconedmer.com\/economiaenserio\/wp-content\/uploads\/2024\/12\/Banco-de-la-Republica-1.bmp\" alt=\"\" class=\"wp-image-12247\"\/><\/figure>\n<\/div>\n\n\n<p><strong>Precios nivelados por lo alto<\/strong><\/p>\n\n\n\n<p>Pero en materia de inflaci\u00f3n, no todo lo que brilla es oro. El an\u00e1lisis del comportamiento de los precios no est\u00e1 exento de advertir que, aunque la tendencia descendente siga siendo satisfactoria, en estos asuntos, no siempre lo que sube baja.<\/p>\n\n\n\n<p>El IPC est\u00e1 cediendo terreno, pero los colombianos no volver\u00e1n a comprar huevos a $300, pan de $200, litro de leche pasteurizada a $3.500 y libra de arroz $1.200, como suced\u00eda hace dos a\u00f1os, si no que los tendr\u00e1n que seguir pagando como m\u00ednimo a $800, $500, $7.000 y $2.000 respectivamente, a pesar de que la inflaci\u00f3n est\u00e1 creciendo menos que antes.<\/p>\n\n\n\n<p><strong>\u2026Ganancia de &#8216;pescadores<\/strong>&#8216;<\/p>\n\n\n\n<p>Aunque la inflaci\u00f3n de dos d\u00edgitos en 2022 fue un duro golpe al bolsillo de los hogares, no falt\u00f3 quienes pescaran en r\u00edo revuelto, y se beneficiaran con esta situaci\u00f3n.<\/p>\n\n\n\n<p>Como las tasas de inter\u00e9s subieron significativamente, impulsadas por el costo de vida, quienes ten\u00edan dinero sobrante, invirtieron en Certificados de Dep\u00f3sito a T\u00e9rmino (CDT), cuyos t\u00edtulos se pusieron de moda, porque los bancos empezaron a ofrecer rendimientos que superaron el 15% efectivo anual. Entonces, muchos ahorradores se ganaron una platica invirtiendo en CDTs.<\/p>\n\n\n\n<p><strong>Mayor capacidad de compra<\/strong><\/p>\n\n\n\n<p>Tan pronto empez\u00f3 la tendencia descendente de la inflaci\u00f3n, los mayores beneficiados fueron los colombianos que devengan el salario m\u00ednimo, porque la inflaci\u00f3n causada en 2022 fue de 13,12%, pero el Gobierno increment\u00f3 16% la asignaci\u00f3n b\u00e1sica del 2023. Es m\u00e1s, desde abril de ese a\u00f1o, el IPC empez\u00f3 a moderarse e inici\u00f3 una tendencia descendente que no ha parado en los \u00faltimos 21 meses, hasta noviembre pasado, lo que equivale a una mejora significativa en la capacidad adquisitiva de los trabajadores.<\/p>\n\n\n\n<p>\u00abHemos pasado por un periodo dif\u00edcil de ajuste, pero la peor parte ha quedado atr\u00e1s\u00bb afirma el gerente del Banco de la Rep\u00fablica, Leonardo Villar.<\/p>\n\n\n\n<p>En conclusi\u00f3n, aunque la carest\u00eda del 2022 descuadr\u00f3 las cuentas de los consumidores, la tendencia se revirti\u00f3 desde abril de 2023, hasta el punto de que la inflaci\u00f3n, el indicador de mayor impacto en cualquier econom\u00eda, hoy es la nueva mejor amiga de los colombianos.<\/p>\n","protected":false},"excerpt":{"rendered":"<p>Aunque la gente no lo crea ni lo perciba, como el salario m\u00ednimo lleva dos a\u00f1os subiendo varios puntos por encima de la inflaci\u00f3n, la plata de quienes lo devengan, ahora alcanza para comprar m\u00e1s cosas que antes. Eso no significa que los precios hayan bajado, sino que han subido menos. \u00c9dmer Tovar Mart\u00ednez &#8211;&#8230;<\/p>\n","protected":false},"author":5,"featured_media":12193,"comment_status":"closed","ping_status":"closed","sticky":false,"template":"","format":"standard","meta":{"_FSMCFIC_featured_image_caption":"","_FSMCFIC_featured_image_nocaption":"","_FSMCFIC_featured_image_hide":"","footnotes":""},"categories":[2],"tags":[],"class_list":["post-12190","post","type-post","status-publish","format-standard","has-post-thumbnail","hentry","category-el_bolsillo"],"_links":{"self":[{"href":"https:\/\/economiaconedmer.com\/economiaenserio\/wp-json\/wp\/v2\/posts\/12190","targetHints":{"allow":["GET"]}}],"collection":[{"href":"https:\/\/economiaconedmer.com\/economiaenserio\/wp-json\/wp\/v2\/posts"}],"about":[{"href":"https:\/\/economiaconedmer.com\/economiaenserio\/wp-json\/wp\/v2\/types\/post"}],"author":[{"embeddable":true,"href":"https:\/\/economiaconedmer.com\/economiaenserio\/wp-json\/wp\/v2\/users\/5"}],"replies":[{"embeddable":true,"href":"https:\/\/economiaconedmer.com\/economiaenserio\/wp-json\/wp\/v2\/comments?post=12190"}],"version-history":[{"count":27,"href":"https:\/\/economiaconedmer.com\/economiaenserio\/wp-json\/wp\/v2\/posts\/12190\/revisions"}],"predecessor-version":[{"id":12334,"href":"https:\/\/economiaconedmer.com\/economiaenserio\/wp-json\/wp\/v2\/posts\/12190\/revisions\/12334"}],"wp:featuredmedia":[{"embeddable":true,"href":"https:\/\/economiaconedmer.com\/economiaenserio\/wp-json\/wp\/v2\/media\/12193"}],"wp:attachment":[{"href":"https:\/\/economiaconedmer.com\/economiaenserio\/wp-json\/wp\/v2\/media?parent=12190"}],"wp:term":[{"taxonomy":"category","embeddable":true,"href":"https:\/\/economiaconedmer.com\/economiaenserio\/wp-json\/wp\/v2\/categories?post=12190"},{"taxonomy":"post_tag","embeddable":true,"href":"https:\/\/economiaconedmer.com\/economiaenserio\/wp-json\/wp\/v2\/tags?post=12190"}],"curies":[{"name":"wp","href":"https:\/\/api.w.org\/{rel}","templated":true}]}}