{"id":12154,"date":"2024-12-07T07:42:38","date_gmt":"2024-12-07T12:42:38","guid":{"rendered":"https:\/\/economiaconedmer.com\/economiaenserio\/?p=12154"},"modified":"2024-12-07T07:44:24","modified_gmt":"2024-12-07T12:44:24","slug":"portobelo-del-parque-amplia-su-atractivo-para-la-navidad","status":"publish","type":"post","link":"https:\/\/economiaconedmer.com\/economiaenserio\/12\/07\/portobelo-del-parque-amplia-su-atractivo-para-la-navidad\/el_resto\/2024\/","title":{"rendered":"Portobelo del parque de la 93 ampl\u00eda su atractivo para la temporada de Navidad"},"content":{"rendered":"\n<p>Portobelo, del parque de la 93, en Bogot\u00e1, inaugurar\u00e1 pr\u00f3ximamente, otro elemento comercial de gran formato que continuar\u00e1 impulsando su protagonismo en la ciudad.<\/p>\n\n\n\n<p>Entre las novedades gastron\u00f3micas, destaca la apertura del primer gastrobar de Mi Gran Parrilla Boyacense, que combina sabores locales con un ambiente sofisticado, selecci\u00f3n de vinos y men\u00fas degustaci\u00f3n.\u00a0 Esta propuesta ha incrementado el tr\u00e1fico en un 40%. Pr\u00f3ximamente, el rooftop de Portobelo ser\u00e1 hogar de Brooklyn, un exclusivo gastrobar de jazz con artistas internacionales, ofreciendo vistas panor\u00e1micas al Parque de la 93.<\/p>\n\n\n\n<p>Adem\u00e1s, Caf\u00e9 Amor Perfecto , uno de los caf\u00e9s m\u00e1s galardonados de Colombia, inaugur\u00f3 un espacio acogedor en el lobby, logrando un aumento del 35% en tr\u00e1fico durante las horas de menor afluencia.<\/p>\n\n\n\n<p>Portobelo contin\u00faa siendo la casa de marcas reconocidas como Alfred Kling Joyas, Jorge A. Li\u00e9vano, Valencia Sartoriale, Johanna Rubiano y Valente Hair Art, entre otras. Este compromiso con la excelencia se refleja en su ocupaci\u00f3n del 100% en sus 6.300 metros cuadrados comerciales.<\/p>\n\n\n\n<p>Con la llegada de las festividades, Portobelo ya ha encendido sus luces navide\u00f1as, iluminando el Parque de la 93 y consolid\u00e1ndose como uno de los destinos m\u00e1s visitados de Bogot\u00e1 durante esta temporada.<\/p>\n\n\n\n<p>Portobelo celebra tres d\u00e9cadas de historia, innovaci\u00f3n y tradici\u00f3n, reafirmando su posici\u00f3n como un epicentro de dise\u00f1o y estilo en la capital.<\/p>\n\n\n\n<p><strong>30 a\u00f1os de historia<\/strong><\/p>\n\n\n\n<p>El Centro Comercial Portobelo,de Bogot\u00e1, celebra 30 a\u00f1os de historia . Ubicado en el Parque de la 93, Portobelo surgi\u00f3 como un espacio \u00fanico para empresarios y emprendedores en joyer\u00eda, moda, dise\u00f1o de interiores, gastronom\u00eda y espect\u00e1culos, consolid\u00e1ndose como un referente en innovaci\u00f3n y cultura urbana.<\/p>\n\n\n\n<p>Desde su inauguraci\u00f3n , marcada por un apote\u00f3sico show de una joven \u00abShakira\u00bb en ascenso, hasta convertirse en un punto de encuentro para marcas de renombre, Portobelo ha mantenido su esencia Art D\u00e9co, que lo distingue como un espacio emblem\u00e1tico de la capital.<\/p>\n\n\n\n<p>En la actualidad, Portobelo alberga 30 marcas en cinco pisos comerciales, que incluyen restaurantes ic\u00f3nicos, joyer\u00edas de tradici\u00f3n y dise\u00f1adores de moda e interiores, adem\u00e1s de espacios dedicados al estilo de vida . Su capacidad de transformaci\u00f3n y adaptaci\u00f3n lo han mantenido en el centro de la atenci\u00f3n durante tres d\u00e9cadas.<\/p>\n\n\n\n<p>Este a\u00f1o, Portobelo marc\u00f3 un hito con el lanzamiento de la primera pantalla digital del Parque de la 93, una estructura de 54 metros cuadrados que redefine la publicidad exterior en la zona, generando ingresos anuales cercanos a los $3.000 millones. <\/p>\n","protected":false},"excerpt":{"rendered":"<p>Portobelo, del parque de la 93, en Bogot\u00e1, inaugurar\u00e1 pr\u00f3ximamente, otro elemento comercial de gran formato que continuar\u00e1 impulsando su protagonismo en la ciudad. Entre las novedades gastron\u00f3micas, destaca la apertura del primer gastrobar de Mi Gran Parrilla Boyacense, que combina sabores locales con un ambiente sofisticado, selecci\u00f3n de vinos y men\u00fas degustaci\u00f3n.\u00a0 Esta propuesta&#8230;<\/p>\n","protected":false},"author":5,"featured_media":12157,"comment_status":"closed","ping_status":"closed","sticky":false,"template":"","format":"standard","meta":{"_FSMCFIC_featured_image_caption":"","_FSMCFIC_featured_image_nocaption":"","_FSMCFIC_featured_image_hide":"","footnotes":""},"categories":[22],"tags":[],"class_list":["post-12154","post","type-post","status-publish","format-standard","has-post-thumbnail","hentry","category-el_resto"],"_links":{"self":[{"href":"https:\/\/economiaconedmer.com\/economiaenserio\/wp-json\/wp\/v2\/posts\/12154","targetHints":{"allow":["GET"]}}],"collection":[{"href":"https:\/\/economiaconedmer.com\/economiaenserio\/wp-json\/wp\/v2\/posts"}],"about":[{"href":"https:\/\/economiaconedmer.com\/economiaenserio\/wp-json\/wp\/v2\/types\/post"}],"author":[{"embeddable":true,"href":"https:\/\/economiaconedmer.com\/economiaenserio\/wp-json\/wp\/v2\/users\/5"}],"replies":[{"embeddable":true,"href":"https:\/\/economiaconedmer.com\/economiaenserio\/wp-json\/wp\/v2\/comments?post=12154"}],"version-history":[{"count":2,"href":"https:\/\/economiaconedmer.com\/economiaenserio\/wp-json\/wp\/v2\/posts\/12154\/revisions"}],"predecessor-version":[{"id":12156,"href":"https:\/\/economiaconedmer.com\/economiaenserio\/wp-json\/wp\/v2\/posts\/12154\/revisions\/12156"}],"wp:featuredmedia":[{"embeddable":true,"href":"https:\/\/economiaconedmer.com\/economiaenserio\/wp-json\/wp\/v2\/media\/12157"}],"wp:attachment":[{"href":"https:\/\/economiaconedmer.com\/economiaenserio\/wp-json\/wp\/v2\/media?parent=12154"}],"wp:term":[{"taxonomy":"category","embeddable":true,"href":"https:\/\/economiaconedmer.com\/economiaenserio\/wp-json\/wp\/v2\/categories?post=12154"},{"taxonomy":"post_tag","embeddable":true,"href":"https:\/\/economiaconedmer.com\/economiaenserio\/wp-json\/wp\/v2\/tags?post=12154"}],"curies":[{"name":"wp","href":"https:\/\/api.w.org\/{rel}","templated":true}]}}