{"id":12133,"date":"2024-12-05T20:03:11","date_gmt":"2024-12-06T01:03:11","guid":{"rendered":"https:\/\/economiaconedmer.com\/economiaenserio\/?p=12133"},"modified":"2024-12-05T20:05:10","modified_gmt":"2024-12-06T01:05:10","slug":"corfi-senala-que-la-actividad-economica-empieza-a-mostrar-una-reactivacion","status":"publish","type":"post","link":"https:\/\/economiaconedmer.com\/economiaenserio\/12\/05\/corfi-senala-que-la-actividad-economica-empieza-a-mostrar-una-reactivacion\/el_resto\/2024\/","title":{"rendered":"Corfi se\u00f1ala que la actividad econ\u00f3mica empieza a mostrar una reactivaci\u00f3n"},"content":{"rendered":"\n<p><strong>Bogot\u00e1, 3 de diciembre de 2024.<\/strong>&nbsp;En l\u00ednea con su prop\u00f3sito de generar conocimiento y de consolidar espacios de conversaci\u00f3n sobre temas relevantes para el contexto del pa\u00eds y la regi\u00f3n, Corfi, realiz\u00f3 una nueva versi\u00f3n de su Foro, \u201cPerspectivas Econ\u00f3micas 2025: \u00bfLuz al final del t\u00fanel?\u201d.<\/p>\n\n\n\n<p>En este espacio, que cont\u00f3 con la participaci\u00f3n de referentes nacionales e internacionales como&nbsp;<strong>Leonardo Villar<\/strong>, Gerente del Banco de la Rep\u00fablica;&nbsp;<strong>Diego Guevara,&nbsp;<\/strong>Viceministro de Hacienda y Cr\u00e9dito P\u00fablico; y&nbsp;<strong>Dan Restrepo,&nbsp;<\/strong>ex asesor de la Casa Blanca en temas de Am\u00e9rica Latina, se abordaron los desaf\u00edos de la econom\u00eda colombiana para 2025.<\/p>\n\n\n\n<p>\u201c<em>En Corfi, estamos convencidos de que los retos que enfrenta nuestro pa\u00eds son tambi\u00e9n oportunidades para transformar realidades, generar progreso y construir valor sostenible. Nos enorgullece ser parte de esta conversaci\u00f3n y contribuir a trav\u00e9s de nuestras inversiones en sectores clave como la infraestructura, la energ\u00eda y el gas, la agroindustria, los servicios financieros y el sector hotelero, representado por nuestros Hoteles Estelar. Creemos firmemente que la colaboraci\u00f3n entre el sector p\u00fablico y privado es fundamental para superar los desaf\u00edos actuales y garantizar un crecimiento equilibrado que beneficie a todos los colombianos\u201d<\/em>, afirm\u00f3\u00a0Milena L\u00f3pez Rocha, presidente de Corfi.<\/p>\n\n\n\n<p>Durante su intervenci\u00f3n,\u00a0Diego Guevara, Viceministro de Hacienda y Cr\u00e9dito P\u00fablico, destac\u00f3 un crecimiento econ\u00f3mico del 1,6%, superior al del a\u00f1o anterior, impulsado por los sectores de construcci\u00f3n, financiero e inmobiliario. Resalt\u00f3, adem\u00e1s, la importancia de las vigencias futuras aprobadas para proyectos de infraestructura clave, reafirmando el compromiso del Gobierno con el cumplimiento de la regla fiscal, sin desconocer los retos que enfrenta el pa\u00eds respecto al d\u00e9ficit fiscal.<\/p>\n\n\n\n<p>Por su parte,\u00a0Leonardo Villar, Gerente General del Banco de la Rep\u00fablica, resalt\u00f3 los avances en el control inflacionario, indicando que se ha logrado una reducci\u00f3n significativa y que se ve viable mantener la meta de inflaci\u00f3n del 3% para 2025. Asimismo, advirti\u00f3 sobre la necesidad de abordar el d\u00e9ficit presupuestal del pr\u00f3ximo a\u00f1o como un desaf\u00edo fiscal clave. \u00abVamos bien, pero los retos siguen siendo grandes\u00bb, concluy\u00f3.<\/p>\n\n\n\n<p>A su turno,\u00a0Dan Restrepo,\u00a0ex asesor de la Casa Blanca en temas de Am\u00e9rica Latina,\u00a0 analiz\u00f3 los posibles efectos de un retorno de Trump, destacando cambios en din\u00e1micas internacionales y tanto oportunidades como retos para la regi\u00f3n. Subray\u00f3 que, en el mundo actual, marcado por internet, la polarizaci\u00f3n y la incapacidad de las pol\u00edticas p\u00fablicas para responder a las demandas ciudadanas, hacer predicciones macroecon\u00f3micas acertadas es cada vez m\u00e1s complejo. Se\u00f1al\u00f3, adem\u00e1s, desaf\u00edos como el aumento de aranceles estadounidenses para distanciarse de China y una pol\u00edtica migratoria m\u00e1s restrictiva.<\/p>\n\n\n\n<p>En lo que respecta a las\u00a0perspectivas econ\u00f3micas 2025, C\u00e9sar Pab\u00f3n, director ejecutivo de Investigaciones Econ\u00f3micas de Corfi, puso de manifiesto que en el 2023 y 2024 la econom\u00eda colombiana afront\u00f3 un ajuste hasta cierto punto anticipado, proyectando un crecimiento de 1,8% para cierre de 2024, en medio de significativos virajes en el entorno econ\u00f3mico, pol\u00edtico e idiosincr\u00e1tico, que han marcado el rumbo de los \u00faltimos a\u00f1os.<\/p>\n\n\n\n<p>El equipo de Investigaciones Econ\u00f3micas plantea que 2025 emerge como un posible punto de salida de este t\u00fanel en el que hemos estado inmersos durante el \u00faltimo lustro, en donde espera que la econom\u00eda colombiana crezca 2,6% en el pr\u00f3ximo a\u00f1o. A nivel sectorial, la agricultura, los servicios y el entretenimiento; principales motores de la econom\u00eda en 2024, seguir\u00e1n impulsado el crecimiento en 2025.<\/p>\n\n\n\n<p>Sin embargo, enfatizan que la inversi\u00f3n, la semilla del crecimiento, sigue d\u00e9bil y podr\u00eda limitar el desempe\u00f1o de la econom\u00eda hacia adelante. Este rezago aumenta la probabilidad de escenarios cr\u00edticos, como apagones o desbalances de gas, con impactos significativos en la econom\u00eda.<\/p>\n\n\n\n<p>Por otro lado, en 2024 la inflaci\u00f3n se desaceler\u00f3 a 5,4% en octubre, desde el 9,1% registrado al comienzo del a\u00f1o y el equipo proyecta que finalizar\u00e1 el a\u00f1o en 5,0%, su nivel m\u00e1s bajo en tres a\u00f1os. Para el 2025, estiman que la inflaci\u00f3n alcance el m\u00ednimo en junio (de 3,6%), ubic\u00e1ndose dentro del rango. No obstante, recalcan que la inflaci\u00f3n podr\u00eda enfrentar nuevos desaf\u00edos en la segunda mitad de 2025. Las reducciones en los precios de los alimentos y regulados podr\u00edan agotarse, mientras que la depreciaci\u00f3n del tipo de cambio presionar\u00eda nuevamente los precios al alza, acercando la inflaci\u00f3n al 4% hacia finales del a\u00f1o. En este contexto, la tasa de pol\u00edtica monetaria cerrar\u00eda 2025 alrededor de 7,0%.<\/p>\n\n\n\n<p>Por \u00faltimo, mencionaron que el 2024 fue un a\u00f1o desafiante para las finanzas p\u00fablicas, en la medida en la que el recaudo tributario registr\u00f3 una ca\u00edda hist\u00f3rica que oblig\u00f3 al gobierno a ajustar varias veces su presupuesto de gasto para cumplir la Regla Fiscal. En total, el gobierno tuvo que realizar recortes por $35,7 billones frente a lo proyectado en el Presupuesto General de la Naci\u00f3n. No obstante, el equipo de Investigaciones Econ\u00f3micas considera que se requiere un recorte adicional del gasto de $20,9 billones para cumplir la Regla Fiscal.<\/p>\n\n\n\n<p>Para 2025, consideran que el panorama fiscal imprime la mayor incertidumbre local al proyectar un faltante de $35 billones necesario para cumplir con la Regla Fiscal, mientras que la implementaci\u00f3n de la reforma pensional y una posible reforma al Sistema General de Participaciones presentan riesgos adicionales.<\/p>\n\n\n\n<p><\/p>\n","protected":false},"excerpt":{"rendered":"<p>Bogot\u00e1, 3 de diciembre de 2024.&nbsp;En l\u00ednea con su prop\u00f3sito de generar conocimiento y de consolidar espacios de conversaci\u00f3n sobre temas relevantes para el contexto del pa\u00eds y la regi\u00f3n, Corfi, realiz\u00f3 una nueva versi\u00f3n de su Foro, \u201cPerspectivas Econ\u00f3micas 2025: \u00bfLuz al final del t\u00fanel?\u201d. En este espacio, que cont\u00f3 con la participaci\u00f3n de&#8230;<\/p>\n","protected":false},"author":5,"featured_media":12137,"comment_status":"closed","ping_status":"closed","sticky":false,"template":"","format":"standard","meta":{"_FSMCFIC_featured_image_caption":"","_FSMCFIC_featured_image_nocaption":"","_FSMCFIC_featured_image_hide":"","footnotes":""},"categories":[22],"tags":[],"class_list":["post-12133","post","type-post","status-publish","format-standard","has-post-thumbnail","hentry","category-el_resto"],"_links":{"self":[{"href":"https:\/\/economiaconedmer.com\/economiaenserio\/wp-json\/wp\/v2\/posts\/12133","targetHints":{"allow":["GET"]}}],"collection":[{"href":"https:\/\/economiaconedmer.com\/economiaenserio\/wp-json\/wp\/v2\/posts"}],"about":[{"href":"https:\/\/economiaconedmer.com\/economiaenserio\/wp-json\/wp\/v2\/types\/post"}],"author":[{"embeddable":true,"href":"https:\/\/economiaconedmer.com\/economiaenserio\/wp-json\/wp\/v2\/users\/5"}],"replies":[{"embeddable":true,"href":"https:\/\/economiaconedmer.com\/economiaenserio\/wp-json\/wp\/v2\/comments?post=12133"}],"version-history":[{"count":2,"href":"https:\/\/economiaconedmer.com\/economiaenserio\/wp-json\/wp\/v2\/posts\/12133\/revisions"}],"predecessor-version":[{"id":12136,"href":"https:\/\/economiaconedmer.com\/economiaenserio\/wp-json\/wp\/v2\/posts\/12133\/revisions\/12136"}],"wp:featuredmedia":[{"embeddable":true,"href":"https:\/\/economiaconedmer.com\/economiaenserio\/wp-json\/wp\/v2\/media\/12137"}],"wp:attachment":[{"href":"https:\/\/economiaconedmer.com\/economiaenserio\/wp-json\/wp\/v2\/media?parent=12133"}],"wp:term":[{"taxonomy":"category","embeddable":true,"href":"https:\/\/economiaconedmer.com\/economiaenserio\/wp-json\/wp\/v2\/categories?post=12133"},{"taxonomy":"post_tag","embeddable":true,"href":"https:\/\/economiaconedmer.com\/economiaenserio\/wp-json\/wp\/v2\/tags?post=12133"}],"curies":[{"name":"wp","href":"https:\/\/api.w.org\/{rel}","templated":true}]}}