{"id":12065,"date":"2024-12-02T20:23:40","date_gmt":"2024-12-03T01:23:40","guid":{"rendered":"https:\/\/economiaconedmer.com\/economiaenserio\/?p=12065"},"modified":"2024-12-02T20:25:26","modified_gmt":"2024-12-03T01:25:26","slug":"minvivienda-posesiono-a-nelly-mogollon-directora-de-la-cra","status":"publish","type":"post","link":"https:\/\/economiaconedmer.com\/economiaenserio\/12\/02\/minvivienda-posesiono-a-nelly-mogollon-directora-de-la-cra\/el_resto\/2024\/","title":{"rendered":"Minvivienda posesion\u00f3 a Nelly Mogoll\u00f3n, directora ejecutiva de la CRA"},"content":{"rendered":"\n<p><strong>Bogot\u00e1, diciembre 2 de 2024.<\/strong> Ante la ministra de Vivienda, Ciudad y Territorio, Helga Rivas Ardila, tom\u00f3 posesi\u00f3n Nelly Mogoll\u00f3n Monta\u00f1ez, como nueva directora ejecutiva de la Comisi\u00f3n de Regulaci\u00f3n de Agua y Saneamiento B\u00e1sico (CRA), para el periodo comprendido entre diciembre de 2024 y noviembre de 2025.<br>\u201cDestaco a Nelly como una gran profesional, comprometida con el Gobierno del Cambio y con quien espero trabajar articuladamente en un entorno de variabilidad clim\u00e1tica y seguir avanzando en gestionar el ordenamiento territorial alrededor del agua\u201d, manifest\u00f3 la ministra.<br>Mogoll\u00f3n Monta\u00f1ez es Administradora de Empresas de la Universidad Externado de Colombia. Es tambi\u00e9n especialista en Gerencia de Empresas de Telecomunicaciones de la Universidad de Los Andes, y en Finanzas Internacionales de la Universidad Externado de Colombia.<br>Cuenta con m\u00e1s de 25 a\u00f1os de experiencia profesional en instituciones p\u00fablicas prestadoras de servicios p\u00fablicos domiciliarios. Su ejercicio profesional incluye la labor como Gerente en Aseguramiento de Ingresos en la ETB y como Gerente de la Unidad Administrativa Especial de Servicios P\u00fablicos de Bogot\u00e1, donde lider\u00f3 la implementaci\u00f3n del programa Basura Cero y la inclusi\u00f3n de los recicladores de oficio en el servicio de aseo.<br>La nueva directora ejecutiva de la CRA es experta comisionada desde el 16 de noviembre de 2023. Durante su gesti\u00f3n ha adelantado acciones encaminadas a fortalecer el trabajo interinstitucional para optimizar los recursos, la capacidad de la gesti\u00f3n comunitaria del agua, la inclusi\u00f3n en los nuevos marcos tarifarios de elementos como la justicia tarifaria y la gesti\u00f3n de p\u00e9rdidas, as\u00ed como a promover la ciencia de datos para poder contar con informaci\u00f3n regulatoria de calidad y oportuna.<\/p>\n","protected":false},"excerpt":{"rendered":"<p>Bogot\u00e1, diciembre 2 de 2024. Ante la ministra de Vivienda, Ciudad y Territorio, Helga Rivas Ardila, tom\u00f3 posesi\u00f3n Nelly Mogoll\u00f3n Monta\u00f1ez, como nueva directora ejecutiva de la Comisi\u00f3n de Regulaci\u00f3n de Agua y Saneamiento B\u00e1sico (CRA), para el periodo comprendido entre diciembre de 2024 y noviembre de 2025.\u201cDestaco a Nelly como una gran profesional, comprometida&#8230;<\/p>\n","protected":false},"author":5,"featured_media":12067,"comment_status":"closed","ping_status":"closed","sticky":false,"template":"","format":"standard","meta":{"_FSMCFIC_featured_image_caption":"","_FSMCFIC_featured_image_nocaption":"","_FSMCFIC_featured_image_hide":"","footnotes":""},"categories":[22],"tags":[],"class_list":["post-12065","post","type-post","status-publish","format-standard","has-post-thumbnail","hentry","category-el_resto"],"_links":{"self":[{"href":"https:\/\/economiaconedmer.com\/economiaenserio\/wp-json\/wp\/v2\/posts\/12065","targetHints":{"allow":["GET"]}}],"collection":[{"href":"https:\/\/economiaconedmer.com\/economiaenserio\/wp-json\/wp\/v2\/posts"}],"about":[{"href":"https:\/\/economiaconedmer.com\/economiaenserio\/wp-json\/wp\/v2\/types\/post"}],"author":[{"embeddable":true,"href":"https:\/\/economiaconedmer.com\/economiaenserio\/wp-json\/wp\/v2\/users\/5"}],"replies":[{"embeddable":true,"href":"https:\/\/economiaconedmer.com\/economiaenserio\/wp-json\/wp\/v2\/comments?post=12065"}],"version-history":[{"count":2,"href":"https:\/\/economiaconedmer.com\/economiaenserio\/wp-json\/wp\/v2\/posts\/12065\/revisions"}],"predecessor-version":[{"id":12068,"href":"https:\/\/economiaconedmer.com\/economiaenserio\/wp-json\/wp\/v2\/posts\/12065\/revisions\/12068"}],"wp:featuredmedia":[{"embeddable":true,"href":"https:\/\/economiaconedmer.com\/economiaenserio\/wp-json\/wp\/v2\/media\/12067"}],"wp:attachment":[{"href":"https:\/\/economiaconedmer.com\/economiaenserio\/wp-json\/wp\/v2\/media?parent=12065"}],"wp:term":[{"taxonomy":"category","embeddable":true,"href":"https:\/\/economiaconedmer.com\/economiaenserio\/wp-json\/wp\/v2\/categories?post=12065"},{"taxonomy":"post_tag","embeddable":true,"href":"https:\/\/economiaconedmer.com\/economiaenserio\/wp-json\/wp\/v2\/tags?post=12065"}],"curies":[{"name":"wp","href":"https:\/\/api.w.org\/{rel}","templated":true}]}}