{"id":12059,"date":"2024-12-02T20:05:50","date_gmt":"2024-12-03T01:05:50","guid":{"rendered":"https:\/\/economiaconedmer.com\/economiaenserio\/?p=12059"},"modified":"2024-12-02T20:27:32","modified_gmt":"2024-12-03T01:27:32","slug":"via-bogota-girardot-estrenan-36-km-del-tercer-carril","status":"publish","type":"post","link":"https:\/\/economiaconedmer.com\/economiaenserio\/12\/02\/via-bogota-girardot-estrenan-36-km-del-tercer-carril\/el_bolsillo\/2024\/","title":{"rendered":"V\u00eda Bogot\u00e1-Girardot: estrenan 36 Km del tercer carril"},"content":{"rendered":"\n<p><strong>Bogot\u00e1, D.C, diciembre 3 de 2024. <\/strong>La modernizaci\u00f3n de la v\u00eda Bogot\u00e1-Girardot avanza de manera firme y se prev\u00e9 su finalizaci\u00f3n para abril de 2025. Las obras se encuentran en el 80% del total contratado.<\/p>\n\n\n\n<p>Hasta la fecha, la Concesi\u00f3n ha finalizado cuatro tramos de la v\u00eda, abarcando los municipios de Soacha, Sibat\u00e9, Silvania, Fusagasug\u00e1, Melgar, Ricaurte y Girardot. Este mes, se prev\u00e9 la apertura de dos tramos adicionales, que suman casi 36 kil\u00f3metros y mejorar\u00e1n la movilidad entre Granada y Silvania, as\u00ed como entre Fusagasug\u00e1 y Melgar. Adem\u00e1s, la ampliaci\u00f3n a tercer carril y la rehabilitaci\u00f3n completa del pavimento alcanzan un 70% de avance.<\/p>\n\n\n\n<p><strong>Movilidad en Navidad y fin de a\u00f1o<\/strong><\/p>\n\n\n\n<p>Para la temporada de Navidad y fin de a\u00f1o, con 120 kil\u00f3metros de la v\u00eda completamente modernizados de los 145 km que conforman el proyecto, los usuarios disfrutar\u00e1n no solo de mejores condiciones de seguridad y confort, sino tambi\u00e9n de una movilidad m\u00e1s fluida.<\/p>\n\n\n\n<p>Adicionalmente, V\u00eda Sumapaz ha intensificado sus esfuerzos para reducir los frentes de obra y, de esta manera, fomentar el turismo en la regi\u00f3n. En 2023, la Concesi\u00f3n contaba con alrededor de 155 frentes de obra activos; sin embargo, a la fecha, esta cifra se ha reducido en un 40% y para la temporada de Navidad de este a\u00f1o, el n\u00famero de frentes de obra ser\u00e1 aproximadamente una tercera parte en comparaci\u00f3n con el a\u00f1o anterior. Esto permitir\u00e1 habilitar 120 km de carril completamente rehabilitados, lo que representa una mejora significativa en la fluidez para los viajeros.<\/p>\n\n\n\n<p>Por otro lado, en los sectores de obra que a\u00fan permanecen en construcci\u00f3n, especialmente en Silvania, se implementar\u00e1n estrategias de movilidad en coordinaci\u00f3n con la Polic\u00eda de Tr\u00e1nsito. Estas estrategias incluir\u00e1n reversibles durante los planes \u00c9xodo y Retorno, y el manejo del tr\u00e1fico mediante el sistema de Pare y Siga, dado que esta zona cuenta con aproximadamente 6 km de contraflujo, es decir, un solo carril por sentido<\/p>\n\n\n\n<p><strong>Impulso al turismo<\/strong><\/p>\n\n\n\n<p>Las regiones del Sumapaz y el Alto Magdalena, reconocidas por su diversidad cultural, gastron\u00f3mica y natural, han sido hist\u00f3ricamente destinos clave para turistas y visitantes. Ahora, con las obras de modernizaci\u00f3n de la v\u00eda Bogot\u00e1-Girardot llegando a su recta final, el turismo se posiciona como una de las principales prioridades para los municipios ubicados en este corredor vial.<\/p>\n\n\n\n<p>En este contexto, nace la campa\u00f1a &#8216;Todo por Descubrir&#8217;, una iniciativa estrat\u00e9gica y social que surge del trabajo conjunto con las 13 secretar\u00edas de Cultura y Turismo de la zona de influencia del proyecto. Como resultado de este esfuerzo, se han identificado m\u00e1s de 180 atractivos y servicios tur\u00edsticos locales, los cuales se agrupan en la Ruta Tur\u00edstica de la v\u00eda Bogot\u00e1-Girardot. Esta ruta resalta paisajes naturales, tradiciones culturales y una rica oferta gastron\u00f3mica. El objetivo es posicionar al turismo como un motor fundamental para el desarrollo econ\u00f3mico y social de la regi\u00f3n<\/p>\n\n\n\n<p>Laurent Cavrois, gerente general de V\u00eda Sumapaz, expres\u00f3: <em>\u201cEsta campa\u00f1a refleja nuestro compromiso con la construcci\u00f3n de infraestructura vial segura y de calidad, y es una apuesta por la implementaci\u00f3n de la Movilidad Positiva. Esta movilidad promueve el desarrollo sostenible, empodera a la comunidad y reposiciona a la regi\u00f3n como un referente tur\u00edstico en el pa\u00eds.\u201d<\/em><\/p>\n\n\n\n<p>Para garantizar el \u00e9xito de la campa\u00f1a, V\u00eda Sumapaz ha establecido alianzas con expertos del sector tur\u00edstico, como el cap\u00edtulo Bogot\u00e1-Cundinamarca de la Asociaci\u00f3n Hotelera y Tur\u00edstica de Colombia (Cotelco) y el cap\u00edtulo Central de la Asociaci\u00f3n Colombiana de Agencias de Viajes y Turismo (Anato). Juntos, llevar\u00e1n a cabo capacitaciones para fortalecer los servicios tur\u00edsticos locales, enfoc\u00e1ndose en \u00e1reas clave como el servicio al cliente, la promoci\u00f3n en redes sociales y el posicionamiento de la marca.<\/p>\n\n\n\n<p>Sof\u00eda Z\u00e1rate, directora ejecutiva de Anato Cap\u00edtulo Central, coment\u00f3: <em>\u201cLa capacitaci\u00f3n es fundamental para que los operadores tur\u00edsticos aprovechen al m\u00e1ximo las herramientas digitales y ofrezcan una experiencia de calidad a los visitantes.\u201d<\/em> Por su parte, Mar\u00eda Patricia Guzm\u00e1n, directora ejecutiva de Cotelco Cap\u00edtulo Bogot\u00e1-Cundinamarca, destac\u00f3: <em>\u201cEste tipo de alianzas es crucial para mejorar la competitividad del sector, capacitando a los empresarios tur\u00edsticos en la implementaci\u00f3n de buenas pr\u00e1cticas que impacten directamente en la experiencia del turista.\u201d<\/em><\/p>\n\n\n\n<p>La campa\u00f1a no solo invita a explorar estas regiones, sino que busca integrar el turismo con otros pilares clave para el desarrollo, como la exportaci\u00f3n de productos locales, la preservaci\u00f3n cultural y el fortalecimiento de la prosperidad en la regi\u00f3n. Se trata de generar un ecosistema econ\u00f3mico y social inclusivo, en el que tanto turistas como comunidades locales se beneficien equitativamente.<\/p>\n\n\n\n<p><\/p>\n","protected":false},"excerpt":{"rendered":"<p>Bogot\u00e1, D.C, diciembre 3 de 2024. La modernizaci\u00f3n de la v\u00eda Bogot\u00e1-Girardot avanza de manera firme y se prev\u00e9 su finalizaci\u00f3n para abril de 2025. Las obras se encuentran en el 80% del total contratado. Hasta la fecha, la Concesi\u00f3n ha finalizado cuatro tramos de la v\u00eda, abarcando los municipios de Soacha, Sibat\u00e9, Silvania, Fusagasug\u00e1,&#8230;<\/p>\n","protected":false},"author":5,"featured_media":12061,"comment_status":"closed","ping_status":"closed","sticky":false,"template":"","format":"standard","meta":{"_FSMCFIC_featured_image_caption":"","_FSMCFIC_featured_image_nocaption":"","_FSMCFIC_featured_image_hide":"","footnotes":""},"categories":[2],"tags":[],"class_list":["post-12059","post","type-post","status-publish","format-standard","has-post-thumbnail","hentry","category-el_bolsillo"],"_links":{"self":[{"href":"https:\/\/economiaconedmer.com\/economiaenserio\/wp-json\/wp\/v2\/posts\/12059","targetHints":{"allow":["GET"]}}],"collection":[{"href":"https:\/\/economiaconedmer.com\/economiaenserio\/wp-json\/wp\/v2\/posts"}],"about":[{"href":"https:\/\/economiaconedmer.com\/economiaenserio\/wp-json\/wp\/v2\/types\/post"}],"author":[{"embeddable":true,"href":"https:\/\/economiaconedmer.com\/economiaenserio\/wp-json\/wp\/v2\/users\/5"}],"replies":[{"embeddable":true,"href":"https:\/\/economiaconedmer.com\/economiaenserio\/wp-json\/wp\/v2\/comments?post=12059"}],"version-history":[{"count":1,"href":"https:\/\/economiaconedmer.com\/economiaenserio\/wp-json\/wp\/v2\/posts\/12059\/revisions"}],"predecessor-version":[{"id":12060,"href":"https:\/\/economiaconedmer.com\/economiaenserio\/wp-json\/wp\/v2\/posts\/12059\/revisions\/12060"}],"wp:featuredmedia":[{"embeddable":true,"href":"https:\/\/economiaconedmer.com\/economiaenserio\/wp-json\/wp\/v2\/media\/12061"}],"wp:attachment":[{"href":"https:\/\/economiaconedmer.com\/economiaenserio\/wp-json\/wp\/v2\/media?parent=12059"}],"wp:term":[{"taxonomy":"category","embeddable":true,"href":"https:\/\/economiaconedmer.com\/economiaenserio\/wp-json\/wp\/v2\/categories?post=12059"},{"taxonomy":"post_tag","embeddable":true,"href":"https:\/\/economiaconedmer.com\/economiaenserio\/wp-json\/wp\/v2\/tags?post=12059"}],"curies":[{"name":"wp","href":"https:\/\/api.w.org\/{rel}","templated":true}]}}