{"id":12043,"date":"2024-12-01T19:25:39","date_gmt":"2024-12-02T00:25:39","guid":{"rendered":"https:\/\/economiaconedmer.com\/economiaenserio\/?p=12043"},"modified":"2024-12-01T19:27:01","modified_gmt":"2024-12-02T00:27:01","slug":"barranquilla-enciende-el-arbol-de-navidad-mas-grande-de-colombia","status":"publish","type":"post","link":"https:\/\/economiaconedmer.com\/economiaenserio\/12\/01\/barranquilla-enciende-el-arbol-de-navidad-mas-grande-de-colombia\/corticas\/2024\/","title":{"rendered":"Barranquilla enciende el \u00e1rbol de Navidad m\u00e1s grande de Colombia"},"content":{"rendered":"\n<p>Barranquilla prendi\u00f3 la luces del \u00e1rbol de Navidad m\u00e1s grande de Colombia, en el sector del monumento la Ventana al Mundo, con una altura de 70 metros. La infraestructura tiene una pantalla gigante, a trav\u00e9s de la cual los visitantes podr\u00e1n ver mensajes sobre termas atractivos de la ciudad. El primer mensaje fue un saludo a la cantante Shakira: \u00abShakira, Barranquilla te ama\u00bb.   <\/p>\n","protected":false},"excerpt":{"rendered":"<p>Barranquilla prendi\u00f3 la luces del \u00e1rbol de Navidad m\u00e1s grande de Colombia, en el sector del monumento la Ventana al Mundo, con una altura de 70 metros. La infraestructura tiene una pantalla gigante, a trav\u00e9s de la cual los visitantes podr\u00e1n ver mensajes sobre termas atractivos de la ciudad. El primer mensaje fue un saludo&#8230;<\/p>\n","protected":false},"author":5,"featured_media":12045,"comment_status":"closed","ping_status":"closed","sticky":false,"template":"","format":"standard","meta":{"_FSMCFIC_featured_image_caption":"","_FSMCFIC_featured_image_nocaption":"","_FSMCFIC_featured_image_hide":"","footnotes":""},"categories":[23],"tags":[],"class_list":["post-12043","post","type-post","status-publish","format-standard","has-post-thumbnail","hentry","category-corticas"],"_links":{"self":[{"href":"https:\/\/economiaconedmer.com\/economiaenserio\/wp-json\/wp\/v2\/posts\/12043","targetHints":{"allow":["GET"]}}],"collection":[{"href":"https:\/\/economiaconedmer.com\/economiaenserio\/wp-json\/wp\/v2\/posts"}],"about":[{"href":"https:\/\/economiaconedmer.com\/economiaenserio\/wp-json\/wp\/v2\/types\/post"}],"author":[{"embeddable":true,"href":"https:\/\/economiaconedmer.com\/economiaenserio\/wp-json\/wp\/v2\/users\/5"}],"replies":[{"embeddable":true,"href":"https:\/\/economiaconedmer.com\/economiaenserio\/wp-json\/wp\/v2\/comments?post=12043"}],"version-history":[{"count":1,"href":"https:\/\/economiaconedmer.com\/economiaenserio\/wp-json\/wp\/v2\/posts\/12043\/revisions"}],"predecessor-version":[{"id":12044,"href":"https:\/\/economiaconedmer.com\/economiaenserio\/wp-json\/wp\/v2\/posts\/12043\/revisions\/12044"}],"wp:featuredmedia":[{"embeddable":true,"href":"https:\/\/economiaconedmer.com\/economiaenserio\/wp-json\/wp\/v2\/media\/12045"}],"wp:attachment":[{"href":"https:\/\/economiaconedmer.com\/economiaenserio\/wp-json\/wp\/v2\/media?parent=12043"}],"wp:term":[{"taxonomy":"category","embeddable":true,"href":"https:\/\/economiaconedmer.com\/economiaenserio\/wp-json\/wp\/v2\/categories?post=12043"},{"taxonomy":"post_tag","embeddable":true,"href":"https:\/\/economiaconedmer.com\/economiaenserio\/wp-json\/wp\/v2\/tags?post=12043"}],"curies":[{"name":"wp","href":"https:\/\/api.w.org\/{rel}","templated":true}]}}