{"id":12031,"date":"2024-11-30T07:52:02","date_gmt":"2024-11-30T12:52:02","guid":{"rendered":"https:\/\/economiaconedmer.com\/economiaenserio\/?p=12031"},"modified":"2024-11-30T07:53:29","modified_gmt":"2024-11-30T12:53:29","slug":"el-desempleo-en-colombia-se-afianza-en-un-digito-91-en-octubre","status":"publish","type":"post","link":"https:\/\/economiaconedmer.com\/economiaenserio\/11\/30\/el-desempleo-en-colombia-se-afianza-en-un-digito-91-en-octubre\/el_resto\/2024\/","title":{"rendered":"El desempleo en Colombia se afianza en un d\u00edgito: 9,1% en octubre"},"content":{"rendered":"\n<p>A paso lento, Colombia sigue disminuyendo su nivel de desempleo. En el d\u00e9cimo mes del 2024 se crearon 311.000 empleos en Colombia, con lo cual, el porcentaje de personas sin trabajo se ubic\u00f3 en 9,1%.  Esto significa que en el pa\u00eds hay 2,3 millones de personas buscando una oportunidad laboral.<\/p>\n\n\n\n<p>Sin embargo, la tasa de desocupaci\u00f3n en el total de las 13 ciudades y \u00e1reas metropolitanas fue 9,5% en octubre, mientras que en el mismo mes de 2023 hab\u00eda sido de 9,0%.<\/p>\n\n\n\n<p>As\u00ed lo revelan las cifras del Dane, que adem\u00e1s indican que, en el periodo agosto-octubre, Quibd\u00f3 fue la ciudad con mayor desempleo, al llegar a 26,2%, seguida de Riohacha con 15,3% y Florencia con 12,9%. Estas cifras demuestran que en estas regiones del pa\u00eds se mantienen niveles de desocupaci\u00f3n similares a los registrados durante la pandemia.<\/p>\n\n\n\n<p>No sucede lo mismo con Bucaramanga y Medell\u00edn, que en el trimestre agosto-octubre registraron una tasa de desempleo de 8,3% y 7,7%, respectivamente.  <\/p>\n\n\n\n<p><strong>D\u00f3nde se est\u00e1 generando empleo<\/strong><\/p>\n\n\n\n<p>De acuerdo con las cifras del Dane, el comercio y la reparaci\u00f3n de veh\u00edculos fueron las ramas de actividad econ\u00f3mica que m\u00e1s aportaron a la poblaci\u00f3n ocupada en octubre de 2024, con 1,3 puntos porcentuales (p.p.), seguida de la industria manufacturera (1,2 p.p.) y la construcci\u00f3n, (0,3 p.p.).<\/p>\n\n\n\n<p><\/p>\n","protected":false},"excerpt":{"rendered":"<p>A paso lento, Colombia sigue disminuyendo su nivel de desempleo. En el d\u00e9cimo mes del 2024 se crearon 311.000 empleos en Colombia, con lo cual, el porcentaje de personas sin trabajo se ubic\u00f3 en 9,1%. Esto significa que en el pa\u00eds hay 2,3 millones de personas buscando una oportunidad laboral. Sin embargo, la tasa de&#8230;<\/p>\n","protected":false},"author":5,"featured_media":12033,"comment_status":"closed","ping_status":"closed","sticky":false,"template":"","format":"standard","meta":{"_FSMCFIC_featured_image_caption":"","_FSMCFIC_featured_image_nocaption":"","_FSMCFIC_featured_image_hide":"","footnotes":""},"categories":[22],"tags":[],"class_list":["post-12031","post","type-post","status-publish","format-standard","has-post-thumbnail","hentry","category-el_resto"],"_links":{"self":[{"href":"https:\/\/economiaconedmer.com\/economiaenserio\/wp-json\/wp\/v2\/posts\/12031","targetHints":{"allow":["GET"]}}],"collection":[{"href":"https:\/\/economiaconedmer.com\/economiaenserio\/wp-json\/wp\/v2\/posts"}],"about":[{"href":"https:\/\/economiaconedmer.com\/economiaenserio\/wp-json\/wp\/v2\/types\/post"}],"author":[{"embeddable":true,"href":"https:\/\/economiaconedmer.com\/economiaenserio\/wp-json\/wp\/v2\/users\/5"}],"replies":[{"embeddable":true,"href":"https:\/\/economiaconedmer.com\/economiaenserio\/wp-json\/wp\/v2\/comments?post=12031"}],"version-history":[{"count":1,"href":"https:\/\/economiaconedmer.com\/economiaenserio\/wp-json\/wp\/v2\/posts\/12031\/revisions"}],"predecessor-version":[{"id":12032,"href":"https:\/\/economiaconedmer.com\/economiaenserio\/wp-json\/wp\/v2\/posts\/12031\/revisions\/12032"}],"wp:featuredmedia":[{"embeddable":true,"href":"https:\/\/economiaconedmer.com\/economiaenserio\/wp-json\/wp\/v2\/media\/12033"}],"wp:attachment":[{"href":"https:\/\/economiaconedmer.com\/economiaenserio\/wp-json\/wp\/v2\/media?parent=12031"}],"wp:term":[{"taxonomy":"category","embeddable":true,"href":"https:\/\/economiaconedmer.com\/economiaenserio\/wp-json\/wp\/v2\/categories?post=12031"},{"taxonomy":"post_tag","embeddable":true,"href":"https:\/\/economiaconedmer.com\/economiaenserio\/wp-json\/wp\/v2\/tags?post=12031"}],"curies":[{"name":"wp","href":"https:\/\/api.w.org\/{rel}","templated":true}]}}