{"id":12015,"date":"2024-11-30T06:56:48","date_gmt":"2024-11-30T11:56:48","guid":{"rendered":"https:\/\/economiaconedmer.com\/economiaenserio\/?p=12015"},"modified":"2024-11-30T07:05:10","modified_gmt":"2024-11-30T12:05:10","slug":"barket-tiene-la-pinta-de-navidad-para-usted-y-su-mascota","status":"publish","type":"post","link":"https:\/\/economiaconedmer.com\/economiaenserio\/11\/30\/barket-tiene-la-pinta-de-navidad-para-usted-y-su-mascota\/el_resto\/2024\/","title":{"rendered":"Marca colombiana Barket tiene la pinta de Navidad para usted y su mascota"},"content":{"rendered":"\n<p><strong>Bogot\u00e1, noviembre de 2024.<\/strong>&nbsp; Barket una empresa colombiana que produce prendas de calidad premium para personas y mascotas, tendr\u00e1 una estrategia de descuentos para la temporada de fin de a\u00f1o.<\/p>\n\n\n\n<p><em>\u201cNuestro principal objetivo es llegar a un nuevo p\u00fablico, pasar de ser una marca aspiracional que abre una oportunidad de acceso en una \u00e9poca en la que los hogares quieren vestirse bien e incluir en la lista de regalos a sus mascotas\u201d,<\/em>&nbsp;afirm\u00f3 Daniel G\u00f3mez, CEO de Barket.<\/p>\n\n\n\n<p>En efecto, toda la tienda estar\u00e1 en descuento: el 15% en camas; la mayor\u00eda de los productos como chaquetas, sacos, pa\u00f1oletas, correas, collares tendr\u00e1n el 30% y algunas chaquetas el 40%.<\/p>\n\n\n\n<p>Quienes compren por primera vez en diciembre autom\u00e1ticamente entran al club \u201cBarketeros\u201d, donde podr\u00e1n enterarse de descuentos muy puntuales y de nuevas colecciones; tambi\u00e9n pueden participar en din\u00e1micas especiales que realiza la marca durante el a\u00f1o que incluye regalos y premios entre otros.<\/p>\n\n\n\n<p><em>&nbsp;\u201cProyectamos un incremento en nuestras ventas del 40% con respecto a la misma temporada en el 2023, nos hemos preparado desde julio de este a\u00f1o con inversiones en varias estrategias claves de marketing, que nos ha permitido calentar a las audiencias, a nuestra comunidad y a<\/em> <em>los potenciales clientes que est\u00e1n esperando esta temporada para conocernos\u201d<\/em>,&nbsp;se\u00f1al\u00f3 Daniel G\u00f3mez.<\/p>\n\n\n\n<p>Barket es una marca multicanal y que se apalanca en todas las plataformas, para la empresa los puntos f\u00edsicos representan el 70% de las ventas en casi todo el a\u00f1o; Black Friday, y en especial diciembre, llegan aproximadamente a un 50% &#8211; 50% entre ventas en sitio f\u00edsico y ventas en canales digitales.&nbsp;<em>\u201cEsta es la mejor oportunidad de mover nuestra fuerza electr\u00f3nica, pauta y redes para equilibrar la balanza y los esfuerzos\u201d<\/em>&nbsp;<strong>comenta el CEO de BARKET<\/strong><\/p>\n\n\n\n<p><strong>Expectativas poderosas para el 2025<\/strong><\/p>\n\n\n\n<p>La empresa espera cerrar diciembre con un crecimiento del 50% en ventas online respect\u00f3 al a\u00f1o pasado y en puntos f\u00edsicos un crecimiento de un 10, al 15% en nuestra tienda principal de Bogot\u00e1, esto teniendo en cuenta que el comercio electr\u00f3nico es una tendencia desde hace ya varios a\u00f1os.<\/p>\n\n\n\n<p>El cierre del a\u00f1o con esta temporada fuerte de descuentos que generan crecimiento en las compras es el punto de partida para echar a andar varios planes de consolidaci\u00f3n y de conquista para Barket.<\/p>\n\n\n\n<p>Llegar a algunos pa\u00edses de Latam en el 2025 es parte de la meta de internacionalizaci\u00f3n, que contempla modelos de comercio electr\u00f3nico, fusiones minoristas, franquicias o sociedad. Para ello, la marca, que cuenta con un portafolio bastante completo, permite fidelizar a los clientes que buscan art\u00edculos premium para las mascotas. La meta es lograr que a 2030, el 80% de las ventas est\u00e9n apalancadas en la internacionalizaci\u00f3n. \u201cEstamos en proceso de adaptar nuestra propuesta y art\u00edculos a la cultura y el clima de los diferentes pa\u00edses\u201d agreg\u00f3 el CEO de Barket.<\/p>\n","protected":false},"excerpt":{"rendered":"<p>Bogot\u00e1, noviembre de 2024.&nbsp; Barket una empresa colombiana que produce prendas de calidad premium para personas y mascotas, tendr\u00e1 una estrategia de descuentos para la temporada de fin de a\u00f1o. \u201cNuestro principal objetivo es llegar a un nuevo p\u00fablico, pasar de ser una marca aspiracional que abre una oportunidad de acceso en una \u00e9poca en&#8230;<\/p>\n","protected":false},"author":5,"featured_media":12017,"comment_status":"closed","ping_status":"closed","sticky":false,"template":"","format":"standard","meta":{"_FSMCFIC_featured_image_caption":"","_FSMCFIC_featured_image_nocaption":"","_FSMCFIC_featured_image_hide":"","footnotes":""},"categories":[22],"tags":[],"class_list":["post-12015","post","type-post","status-publish","format-standard","has-post-thumbnail","hentry","category-el_resto"],"_links":{"self":[{"href":"https:\/\/economiaconedmer.com\/economiaenserio\/wp-json\/wp\/v2\/posts\/12015","targetHints":{"allow":["GET"]}}],"collection":[{"href":"https:\/\/economiaconedmer.com\/economiaenserio\/wp-json\/wp\/v2\/posts"}],"about":[{"href":"https:\/\/economiaconedmer.com\/economiaenserio\/wp-json\/wp\/v2\/types\/post"}],"author":[{"embeddable":true,"href":"https:\/\/economiaconedmer.com\/economiaenserio\/wp-json\/wp\/v2\/users\/5"}],"replies":[{"embeddable":true,"href":"https:\/\/economiaconedmer.com\/economiaenserio\/wp-json\/wp\/v2\/comments?post=12015"}],"version-history":[{"count":3,"href":"https:\/\/economiaconedmer.com\/economiaenserio\/wp-json\/wp\/v2\/posts\/12015\/revisions"}],"predecessor-version":[{"id":12019,"href":"https:\/\/economiaconedmer.com\/economiaenserio\/wp-json\/wp\/v2\/posts\/12015\/revisions\/12019"}],"wp:featuredmedia":[{"embeddable":true,"href":"https:\/\/economiaconedmer.com\/economiaenserio\/wp-json\/wp\/v2\/media\/12017"}],"wp:attachment":[{"href":"https:\/\/economiaconedmer.com\/economiaenserio\/wp-json\/wp\/v2\/media?parent=12015"}],"wp:term":[{"taxonomy":"category","embeddable":true,"href":"https:\/\/economiaconedmer.com\/economiaenserio\/wp-json\/wp\/v2\/categories?post=12015"},{"taxonomy":"post_tag","embeddable":true,"href":"https:\/\/economiaconedmer.com\/economiaenserio\/wp-json\/wp\/v2\/tags?post=12015"}],"curies":[{"name":"wp","href":"https:\/\/api.w.org\/{rel}","templated":true}]}}