{"id":11990,"date":"2024-11-28T18:11:32","date_gmt":"2024-11-28T23:11:32","guid":{"rendered":"https:\/\/economiaconedmer.com\/economiaenserio\/?p=11990"},"modified":"2024-11-28T18:14:01","modified_gmt":"2024-11-28T23:14:01","slug":"yango-le-pone-techo-a-la-comuna-13-de-medellin","status":"publish","type":"post","link":"https:\/\/economiaconedmer.com\/economiaenserio\/11\/28\/yango-le-pone-techo-a-la-comuna-13-de-medellin\/destacados\/2024\/","title":{"rendered":"Yango le pone techo a la Comuna 13 de Medell\u00edn"},"content":{"rendered":"\n<p><strong>Medell\u00edn, 28 de noviembre de 2024.<\/strong>&#8211; Yango se ali\u00f3 con Casa Kolacho, un colectivo de activistas y artistas urbanos, para mejorar los techos del barrio San Javier de la Comuna 13 en Medell\u00edn. En l\u00ednea con su misi\u00f3n de fomentar relaciones m\u00e1s fuertes con comunidades locales, esta iniciativa involucr\u00f3 la renovaci\u00f3n de 210 metros de techos de viviendas de la localidad usando materiales duraderos y a\u00f1adiendo murales vibrantes de la reconocida artista Manu Rat.<\/p>\n\n\n\n<p>Este proyecto no solo mejora el aspecto est\u00e9tico de las casas, sino tambi\u00e9n fortalecer\u00e1 la integridad estructural de los hogares, mejorando las condiciones de vida y cultivando el sentido de orgullo y pertenencia dentro de la comunidad. Yango se ha convertido r\u00e1pidamente en un actor significativo en el pa\u00eds: con m\u00e1s de 1 mill\u00f3n de descargas y servicios disponibles en 5 ciudades, la compa\u00f1\u00eda cimenta su compromiso con Colombia en el largo plazo.<\/p>\n\n\n\n<p>\u201cEn Yango estamos constantemente pensando en c\u00f3mo podemos hacer m\u00e1s que solo proveer servicios. Si bien la publicidad es un gasto importante para muchas compa\u00f1\u00edas, nos dimos cuenta que pod\u00edamos usar estos recursos en algo que en verdad beneficiara a las comunidades en las que operamos. Esta iniciativa con Casa Kolacho es un claro ejemplo de eso. No se trata solo de renovar techos\u2013se trata de mejorar la calidad de vida, construir un sentido de orgullo comunitario, y crear un impacto positivo y duradero. Nuestra misi\u00f3n es crear conexiones m\u00e1s fuertes y hacer la vida urbana m\u00e1s accesible y significativa, y mediante iniciativas como esta materializamos esa visi\u00f3n.\u201d, expres\u00f3 Mark Bitton, Country Manager de Yango Colombia.<\/p>\n\n\n\n<p>La misi\u00f3n de Yango se expande m\u00e1s all\u00e1 de sus servicios principales\u2013su objetivo es fomentar conexiones duraderas y significativas con las comunidades para las que trabaja, creando cambios tangibles y positivos para los habitantes de la zona. Desde el lanzamiento de su servicio de movilidad a finales de 2023, Yango Colombia se ha expandido r\u00e1pidamente, convirti\u00e9ndose en uno de los actores clave en ciudades como Medell\u00edn, Cali, Barranquilla, Bucaramanga y C\u00facuta. Con operaciones a nivel mundial en 30 pa\u00edses, Yango conecta a millones de usuarios con servicios de movilidad, encomienda y transporte p\u00fablico.<\/p>\n","protected":false},"excerpt":{"rendered":"<p>Medell\u00edn, 28 de noviembre de 2024.&#8211; Yango se ali\u00f3 con Casa Kolacho, un colectivo de activistas y artistas urbanos, para mejorar los techos del barrio San Javier de la Comuna 13 en Medell\u00edn. En l\u00ednea con su misi\u00f3n de fomentar relaciones m\u00e1s fuertes con comunidades locales, esta iniciativa involucr\u00f3 la renovaci\u00f3n de 210 metros de&#8230;<\/p>\n","protected":false},"author":5,"featured_media":11992,"comment_status":"closed","ping_status":"closed","sticky":false,"template":"","format":"standard","meta":{"_FSMCFIC_featured_image_caption":"","_FSMCFIC_featured_image_nocaption":"","_FSMCFIC_featured_image_hide":"","footnotes":""},"categories":[21],"tags":[],"class_list":["post-11990","post","type-post","status-publish","format-standard","has-post-thumbnail","hentry","category-destacados"],"_links":{"self":[{"href":"https:\/\/economiaconedmer.com\/economiaenserio\/wp-json\/wp\/v2\/posts\/11990","targetHints":{"allow":["GET"]}}],"collection":[{"href":"https:\/\/economiaconedmer.com\/economiaenserio\/wp-json\/wp\/v2\/posts"}],"about":[{"href":"https:\/\/economiaconedmer.com\/economiaenserio\/wp-json\/wp\/v2\/types\/post"}],"author":[{"embeddable":true,"href":"https:\/\/economiaconedmer.com\/economiaenserio\/wp-json\/wp\/v2\/users\/5"}],"replies":[{"embeddable":true,"href":"https:\/\/economiaconedmer.com\/economiaenserio\/wp-json\/wp\/v2\/comments?post=11990"}],"version-history":[{"count":1,"href":"https:\/\/economiaconedmer.com\/economiaenserio\/wp-json\/wp\/v2\/posts\/11990\/revisions"}],"predecessor-version":[{"id":11991,"href":"https:\/\/economiaconedmer.com\/economiaenserio\/wp-json\/wp\/v2\/posts\/11990\/revisions\/11991"}],"wp:featuredmedia":[{"embeddable":true,"href":"https:\/\/economiaconedmer.com\/economiaenserio\/wp-json\/wp\/v2\/media\/11992"}],"wp:attachment":[{"href":"https:\/\/economiaconedmer.com\/economiaenserio\/wp-json\/wp\/v2\/media?parent=11990"}],"wp:term":[{"taxonomy":"category","embeddable":true,"href":"https:\/\/economiaconedmer.com\/economiaenserio\/wp-json\/wp\/v2\/categories?post=11990"},{"taxonomy":"post_tag","embeddable":true,"href":"https:\/\/economiaconedmer.com\/economiaenserio\/wp-json\/wp\/v2\/tags?post=11990"}],"curies":[{"name":"wp","href":"https:\/\/api.w.org\/{rel}","templated":true}]}}