{"id":11969,"date":"2024-11-28T17:39:16","date_gmt":"2024-11-28T22:39:16","guid":{"rendered":"https:\/\/economiaconedmer.com\/economiaenserio\/?p=11969"},"modified":"2024-11-28T19:02:20","modified_gmt":"2024-11-29T00:02:20","slug":"vassar-feria-el-encanto-de-la-navidad","status":"publish","type":"post","link":"https:\/\/economiaconedmer.com\/economiaenserio\/11\/28\/vassar-feria-el-encanto-de-la-navidad\/el_bolsillo\/2024\/","title":{"rendered":"Vassar Feria, el encanto de la Navidad, del 3 al 8 de dic."},"content":{"rendered":"\n<p><em><strong>El Parque El Country de Bogot\u00e1 recibir\u00e1 por s\u00e9ptima vez a m\u00e1s de 450 emprendimientos&nbsp; y un gran despliegue de actividades para todos los gustos, del 3 al 8 de diciembre.<\/strong><\/em><\/p>\n\n\n\n<p><strong>Bogot\u00e1, noviembre de 2024 \u2013 <\/strong>Vassar Feria regresa del 3 al 8 de diciembre con una&nbsp; propuesta \u00fanica para cerrar el a\u00f1o. En su s\u00e9ptima edici\u00f3n, con Visa y RappiPay como patrocinadores principales, la feria llega con una curadur\u00eda enfocada en que todos los asistentes puedan encontrar objetos con sentido,&nbsp; \u00fanicos y diferentes ofreciendo a los colombianos la oportunidad de descubrir, comprar&nbsp; y regalar lo mejor del talento local. Con una oferta renovada que incluye la participaci\u00f3n&nbsp; de 172 nuevos emprendimientos y una agenda llena de actividades especiales, Vassar&nbsp; Feria se consolida como el espacio ideal para quienes buscan experiencias originales en&nbsp; la ciudad y productos \u00fanicos para regalar esta temporada.<\/p>\n\n\n\n<p>Para esta edici\u00f3n Vassar viene con una gran novedad para sus asistentes: de la mano de&nbsp; Visa y RappiPay ofrecer\u00e1n el 20% de descuento en los emprendimientos de la feria&nbsp; pagando con su tarjeta Visa RappiPay. Ofrecer\u00e1n un espacio exclusivo con una&nbsp; experiencia diferente para todos los usuarios que cuenten con esta tarjeta, de igual&nbsp; forma en caso de que alg\u00fan asistente no la tenga, en la misma feria se podr\u00e1 tener&nbsp; acceso a esta y disfrutar de todos los beneficios que trae Visa y Rappipay en esta edici\u00f3n&nbsp; de Vassar.<\/p>\n\n\n\n<p>Como es de esperarse, Vassar Feria no solo ofrecer\u00e1 una amplia variedad de productos&nbsp; de moda, belleza, gastronom\u00eda, arte y dise\u00f1o, sino que se convertir\u00e1 en una experiencia&nbsp; de ocio completa y cuidadosamente curada. \u00abNos sentimos orgullosos de la forma en la&nbsp; que esta feria ha crecido y se ha convertido en un punto de encuentro para quienes&nbsp; valoran la creatividad y el esp\u00edritu emprendedor. Este a\u00f1o, cada rinc\u00f3n de Vassar&nbsp; reflejar\u00e1 ese compromiso con lo mejor de nuestra cultura y la calidad de nuestros&nbsp; productos\u00bb, comenta Andr\u00e9s Felipe Tejada, presidente de la Asociaci\u00f3n de&nbsp; Emprendedores (AdeE).<\/p>\n\n\n\n<p>Es as\u00ed como, a lo largo de los seis d\u00edas de feria, sus visitantes podr\u00e1n disfrutar de una&nbsp; programaci\u00f3n llena de momentos destacados. El s\u00e1bado 7 de diciembre, el grupo&nbsp; musical Clara Luna, ganador del Latin Grammy, ofrecer\u00e1 un espect\u00e1culo especial en&nbsp; celebraci\u00f3n del D\u00eda de las Velitas, un evento dise\u00f1ado para dar la bienvenida a la&nbsp; Navidad en un ambiente de m\u00fasica y uni\u00f3n familiar. Adem\u00e1s, esta edici\u00f3n marca el&nbsp; debut de la convocatoria \u201cSonidos Locales\u201d, una plataforma creada para dar a artistas&nbsp; emergentes, quienes tambi\u00e9n son emprendedores, la oportunidad de presentarse en el&nbsp; escenario de la feria. \u201cEstamos comprometidos con impulsar el talento en todas sus&nbsp; formas, por eso invitamos a m\u00fasicos y artistas locales a ser parte de Vassar. Queremos&nbsp; que esta feria sea un trampol\u00edn para nuevos talentos\u201d, afirma Tejada.<\/p>\n\n\n\n<p>Para completar esta experiencia, los m\u00e1s peque\u00f1os de casa podr\u00e1n disfrutar del&nbsp; concepto renovado de \u201cVassar Camp\u201d, el campamento para peque\u00f1os emprendedores&nbsp; donde los ni\u00f1os podr\u00e1n disfrutar de actividades especiales durante s\u00e1bado y domingo&nbsp; mientras los padres exploran la feria y sus opciones de compras. Adem\u00e1s, quienes&nbsp; quieran regalar felicidad durante la Navidad, podr\u00e1n hacerlo por medio del programa \u00abUn&nbsp; amigo de Navidad\u00bb. \u201cEn alianza con la Fundaci\u00f3n Construimos, haremos una campa\u00f1a&nbsp; solidaria de recolecci\u00f3n de regalos para ni\u00f1os de bajos recursos, haciendo que esta&nbsp; Navidad sea m\u00e1s inclusiva y generosa para todos. Para lograrlo, invitaremos a los&nbsp; visitantes de la Feria a que entreguen sus regalos en el stand de la Asociaci\u00f3n de&nbsp; Emprendedores para ser entregados una vez termine la feria\u201d.&nbsp;<\/p>\n\n\n\n<p><strong>El compromiso de Vassar con los emprendedores<\/strong><\/p>\n\n\n\n<p>Con una propuesta integral de apoyo a los emprendedores, Vassar Feria brinda a cada&nbsp; expositor las herramientas y la visibilidad necesarias para maximizar su participaci\u00f3n.&nbsp; Gracias a las alianzas estrat\u00e9gicas con hoteles, SURA, equipos de cocina y m\u00e1s, se&nbsp; puede escribir de forma m\u00e1s llamativa, no me dice mucho as\u00ed y si tenemos alianzas&nbsp; cheveres que les coment\u00e9 en el cuestionario. los emprendedores contar\u00e1n con un&nbsp; respaldo que permita el \u00e9xito de sus stands y productos. Adicionalmente, esta edici\u00f3n&nbsp; ofrece premios para los expositores, que incluyen bonos de hasta 3 millones de pesos,&nbsp; entradas para el Festival Est\u00e9reo Picnic y cupos asegurados para la pr\u00f3xima edici\u00f3n de&nbsp; la feria, reforzando el compromiso de Vassar con el desarrollo del emprendimiento&nbsp; local.&nbsp;<\/p>\n\n\n\n<p>\u201cVassar es el lugar donde se encuentra lo mejor de la creatividad, el talento y el esp\u00edritu&nbsp; emprendedor. Nos enorgullece ver c\u00f3mo esta feria se ha convertido en un espacio de&nbsp; impacto para los emprendedores, y sabemos que este diciembre ser\u00e1 m\u00e1s grande y&nbsp; mejor que nunca\u201d, concluye Tejada.<\/p>\n\n\n\n<p>La feria estar\u00e1 abierta al p\u00fablico en el Parque El Country de Bogot\u00e1 del 3 al 8 de diciembre&nbsp; con horarios extendidos: martes y mi\u00e9rcoles de 11:00 a.m. a 9:00 p.m., jueves a s\u00e1bado&nbsp; de 11:00 a.m. a 10:00 p.m., y domingo de 10:00 a.m. a 9:00 p.m. Las entradas ya est\u00e1n&nbsp; disponibles en preventa a trav\u00e9s de eticket.com, donde los asistentes encontrar\u00e1n&nbsp; descuentos en combos. El costo de la entrada es de $20,000 por persona comprando en&nbsp; preventa y 25.000 en taquilla, ofreciendo a los bogotanos la posibilidad de disfrutar de&nbsp; una experiencia completa de entretenimiento, compras y actividades navide\u00f1as en&nbsp; familia.<\/p>\n","protected":false},"excerpt":{"rendered":"<p>El Parque El Country de Bogot\u00e1 recibir\u00e1 por s\u00e9ptima vez a m\u00e1s de 450 emprendimientos&nbsp; y un gran despliegue de actividades para todos los gustos, del 3 al 8 de diciembre. Bogot\u00e1, noviembre de 2024 \u2013 Vassar Feria regresa del 3 al 8 de diciembre con una&nbsp; propuesta \u00fanica para cerrar el a\u00f1o. En su&#8230;<\/p>\n","protected":false},"author":5,"featured_media":11971,"comment_status":"closed","ping_status":"closed","sticky":false,"template":"","format":"standard","meta":{"_FSMCFIC_featured_image_caption":"","_FSMCFIC_featured_image_nocaption":"","_FSMCFIC_featured_image_hide":"","footnotes":""},"categories":[2],"tags":[],"class_list":["post-11969","post","type-post","status-publish","format-standard","has-post-thumbnail","hentry","category-el_bolsillo"],"_links":{"self":[{"href":"https:\/\/economiaconedmer.com\/economiaenserio\/wp-json\/wp\/v2\/posts\/11969","targetHints":{"allow":["GET"]}}],"collection":[{"href":"https:\/\/economiaconedmer.com\/economiaenserio\/wp-json\/wp\/v2\/posts"}],"about":[{"href":"https:\/\/economiaconedmer.com\/economiaenserio\/wp-json\/wp\/v2\/types\/post"}],"author":[{"embeddable":true,"href":"https:\/\/economiaconedmer.com\/economiaenserio\/wp-json\/wp\/v2\/users\/5"}],"replies":[{"embeddable":true,"href":"https:\/\/economiaconedmer.com\/economiaenserio\/wp-json\/wp\/v2\/comments?post=11969"}],"version-history":[{"count":7,"href":"https:\/\/economiaconedmer.com\/economiaenserio\/wp-json\/wp\/v2\/posts\/11969\/revisions"}],"predecessor-version":[{"id":12006,"href":"https:\/\/economiaconedmer.com\/economiaenserio\/wp-json\/wp\/v2\/posts\/11969\/revisions\/12006"}],"wp:featuredmedia":[{"embeddable":true,"href":"https:\/\/economiaconedmer.com\/economiaenserio\/wp-json\/wp\/v2\/media\/11971"}],"wp:attachment":[{"href":"https:\/\/economiaconedmer.com\/economiaenserio\/wp-json\/wp\/v2\/media?parent=11969"}],"wp:term":[{"taxonomy":"category","embeddable":true,"href":"https:\/\/economiaconedmer.com\/economiaenserio\/wp-json\/wp\/v2\/categories?post=11969"},{"taxonomy":"post_tag","embeddable":true,"href":"https:\/\/economiaconedmer.com\/economiaenserio\/wp-json\/wp\/v2\/tags?post=11969"}],"curies":[{"name":"wp","href":"https:\/\/api.w.org\/{rel}","templated":true}]}}