{"id":11869,"date":"2024-11-22T14:17:32","date_gmt":"2024-11-22T19:17:32","guid":{"rendered":"https:\/\/economiaconedmer.com\/economiaenserio\/?p=11869"},"modified":"2024-11-22T14:36:30","modified_gmt":"2024-11-22T19:36:30","slug":"fundacion-belcorp-20-anos-apoyando-a-las-mujeres","status":"publish","type":"post","link":"https:\/\/economiaconedmer.com\/economiaenserio\/11\/22\/fundacion-belcorp-20-anos-apoyando-a-las-mujeres\/destacados\/2024\/","title":{"rendered":"Fundaci\u00f3n Belcorp, 20 a\u00f1os apoyando a las mujeres"},"content":{"rendered":"\n<p><strong>Bogot\u00e1 D.C., 20 de noviembre 2024.- <\/strong>La Fundaci\u00f3n Belcorp conmemor\u00f3 dos d\u00e9cadas dedicadas a fortalecer el papel de las mujeres en Colombia. La Fundaci\u00f3n destac\u00f3 los logros alcanzados en sus primeras dos d\u00e9cadas de operaci\u00f3n, habiendo beneficiado a m\u00e1s de 18.000 mujeres colombianas en ese periodo.<\/p>\n\n\n\n<p><em>\u00abInvertir en el potencial de las mujeres es un tema que trasciende la justicia social porque una mujer que progresa comparte su crecimiento con sus familias e incluso con sus comunidades. Por eso, en Fundaci\u00f3n Belcorp creemos que se trata de una inversi\u00f3n estrat\u00e9gica para el cierre de brechas sociales y para acelerar la ruta hacia el cumplimiento de los objetivos de desarrollo sostenible. Estamos felices de celebrar 20 a\u00f1os transformando la regi\u00f3n con el poder de las mujeres en el centro\u201d<\/em>, coment\u00f3 Fabiola C\u00e1ceres Paurinotto, Senior Manager de la Fundaci\u00f3n Belcorp.<\/p>\n\n\n\n<p>Uno de los programas insignia de la Fundaci\u00f3n Belcorp es Mujeres Sin L\u00edmites, dise\u00f1ado para fortalecer las habilidades de liderazgo y de gesti\u00f3n de negocios de mujeres emprendedoras. Este programa, presente Colombia y en 6 pa\u00edses de la regi\u00f3n, ha generado resultados destacados:<\/p>\n\n\n\n<ul class=\"wp-block-list\">\n<li>En su versi\u00f3n digital, m\u00e1s de 7,000 mujeres colombianas han sido capacitadas por el programa, logrando que mejoren su autoestima, su motivaci\u00f3n, sus conocimientos de negocio, y un 65% report\u00f3 mejoras en sus niveles de ventas.<\/li>\n<\/ul>\n\n\n\n<ul class=\"wp-block-list\">\n<li>En su piloto rural, se acompa\u00f1\u00f3 a mujeres emprendedoras de Buenaventura, logrando que mejoren sus capacidades de liderazgo y gesti\u00f3n e incluso una mejora en sus ingresos.<\/li>\n<\/ul>\n\n\n\n<p>Estos resultados reflejan c\u00f3mo los programas de la Fundaci\u00f3n impactan en el empoderamiento y la autonom\u00eda econ\u00f3mica de las mujeres, impulsando mejoras en su calidad de vida.<\/p>\n\n\n\n<p>En esta nueva etapa, Fundaci\u00f3n Belcorp reafirma su compromiso con el empoderamiento femenino, trabajando para seguir implementando y potenciando sus programas para que m\u00e1s mujeres colombianas cuenten con el apoyo y acompa\u00f1amiento para generar cambios positivos en sus vidas, las de sus familias y sus comunidades.<\/p>\n\n\n\n<p><strong>Fundaci\u00f3n Belcorp, empoderando a m\u00e1s mujeres<\/strong><\/p>\n\n\n\n<p>Desde su creaci\u00f3n, Fundaci\u00f3n Belcorp se ha consolidado como una organizaci\u00f3n referente en el impulso del empoderamiento femenino en Latinoam\u00e9rica. Implementa programas en siete pa\u00edses de la regi\u00f3n, que han impactado en miles de mujeres y han transformado sus vidas.<\/p>\n\n\n\n<p>En sus primeros a\u00f1os, la organizaci\u00f3n centr\u00f3 su labor en el acceso a la educaci\u00f3n superior de calidad, beneficiando a m\u00e1s de 400 mujeres y j\u00f3venes a trav\u00e9s de becas en Colombia. Con el tiempo, su enfoque evolucion\u00f3 hacia la creaci\u00f3n de programas innovadores que fortalecen las capacidades emprendedoras y de liderazgo de mujeres, adapt\u00e1ndose a las necesidades cambiantes de sus comunidades<\/p>\n\n\n\n<p>Adem\u00e1s de su programa Mujeres Sin L\u00edmites, Fundaci\u00f3n Belcorp posee otros proyectos como Emprendedora Lab, Aceleradora, etc.<\/p>\n","protected":false},"excerpt":{"rendered":"<p>Bogot\u00e1 D.C., 20 de noviembre 2024.- La Fundaci\u00f3n Belcorp conmemor\u00f3 dos d\u00e9cadas dedicadas a fortalecer el papel de las mujeres en Colombia. La Fundaci\u00f3n destac\u00f3 los logros alcanzados en sus primeras dos d\u00e9cadas de operaci\u00f3n, habiendo beneficiado a m\u00e1s de 18.000 mujeres colombianas en ese periodo. \u00abInvertir en el potencial de las mujeres es un&#8230;<\/p>\n","protected":false},"author":5,"featured_media":11871,"comment_status":"closed","ping_status":"closed","sticky":false,"template":"","format":"standard","meta":{"_FSMCFIC_featured_image_caption":"","_FSMCFIC_featured_image_nocaption":"","_FSMCFIC_featured_image_hide":"","footnotes":""},"categories":[21],"tags":[],"class_list":["post-11869","post","type-post","status-publish","format-standard","has-post-thumbnail","hentry","category-destacados"],"_links":{"self":[{"href":"https:\/\/economiaconedmer.com\/economiaenserio\/wp-json\/wp\/v2\/posts\/11869","targetHints":{"allow":["GET"]}}],"collection":[{"href":"https:\/\/economiaconedmer.com\/economiaenserio\/wp-json\/wp\/v2\/posts"}],"about":[{"href":"https:\/\/economiaconedmer.com\/economiaenserio\/wp-json\/wp\/v2\/types\/post"}],"author":[{"embeddable":true,"href":"https:\/\/economiaconedmer.com\/economiaenserio\/wp-json\/wp\/v2\/users\/5"}],"replies":[{"embeddable":true,"href":"https:\/\/economiaconedmer.com\/economiaenserio\/wp-json\/wp\/v2\/comments?post=11869"}],"version-history":[{"count":1,"href":"https:\/\/economiaconedmer.com\/economiaenserio\/wp-json\/wp\/v2\/posts\/11869\/revisions"}],"predecessor-version":[{"id":11870,"href":"https:\/\/economiaconedmer.com\/economiaenserio\/wp-json\/wp\/v2\/posts\/11869\/revisions\/11870"}],"wp:featuredmedia":[{"embeddable":true,"href":"https:\/\/economiaconedmer.com\/economiaenserio\/wp-json\/wp\/v2\/media\/11871"}],"wp:attachment":[{"href":"https:\/\/economiaconedmer.com\/economiaenserio\/wp-json\/wp\/v2\/media?parent=11869"}],"wp:term":[{"taxonomy":"category","embeddable":true,"href":"https:\/\/economiaconedmer.com\/economiaenserio\/wp-json\/wp\/v2\/categories?post=11869"},{"taxonomy":"post_tag","embeddable":true,"href":"https:\/\/economiaconedmer.com\/economiaenserio\/wp-json\/wp\/v2\/tags?post=11869"}],"curies":[{"name":"wp","href":"https:\/\/api.w.org\/{rel}","templated":true}]}}