{"id":11789,"date":"2024-11-20T07:07:18","date_gmt":"2024-11-20T12:07:18","guid":{"rendered":"https:\/\/economiaconedmer.com\/economiaenserio\/?p=11789"},"modified":"2024-11-20T07:09:10","modified_gmt":"2024-11-20T12:09:10","slug":"ley-de-financiamiento-propinaria-duro-golpe-a-la-industria-nacional","status":"publish","type":"post","link":"https:\/\/economiaconedmer.com\/economiaenserio\/11\/20\/ley-de-financiamiento-propinaria-duro-golpe-a-la-industria-nacional\/el_resto\/2024\/","title":{"rendered":"Ley de Financiamiento propinar\u00eda duro golpe a la industria nacional"},"content":{"rendered":"\n<p><strong>Bogot\u00e1 D.C., noviembre 19 de 2024.<\/strong> L\u00edderes empresariales y expertos plantearon los desaf\u00edos que se derivar\u00edan del proyecto de Ley de Financiamiento, en caso de ser aprobada en el Congreso, la cual podr\u00eda triplicar el impuesto al carbono en tan solo dos a\u00f1os, lo que generar\u00eda un fuerte impacto a industrias nacionales de alto consumo energ\u00e9tico, Durante el foro <em>\u201cInstrumentos Econ\u00f3micos de Carbono e Industrias Intensivas en Energ\u00eda\u201d, <\/em>llevado a cabo en la Universidad EAN.<\/p>\n\n\n\n<p>Seg\u00fan como est\u00e1 planteado el proyecto de ley, el impuesto al carb\u00f3n pasar\u00eda de $17.447 pesos por tonelada, a $142.889 pesos por tonelada, es decir un incremento de del 719% para esta fuente energ\u00e9tica, clave para la producci\u00f3n de materiales de construcci\u00f3n.<\/p>\n\n\n\n<p>Seg\u00fan Alejandro Ram\u00edrez, presidente de la Junta Directiva de la C\u00e1mara Colombiana del Cemento y el Concreto (PROCEMCO) y Presidente de Cemex Colombia y Per\u00fa, \u201cla industria cementera en Colombia fue el primer sector en presentar un plan de reducci\u00f3n de emisiones para 2030, y en 2023, planteamos la estrategia para alcanzar la neutralidad de carbono en 2050. Apoyamos la implementaci\u00f3n de medidas para la mitigaci\u00f3n de emisiones, pero estas deben ser razonables y graduales, de modo que se mantenga la competitividad, se logre una descarbonizaci\u00f3n efectiva y se evite impactar la producci\u00f3n local.<\/p>\n\n\n\n<p>Durante el encuentro, se plante\u00f3 el riesgo de que se produzca en Colombia una \u201cfuga de carbono\u201d, fen\u00f3meno que ocurre cuando las empresas trasladan su producci\u00f3n a pa\u00edses con pol\u00edticas clim\u00e1ticas menos gravosas, o cuando los productos nacionales son sustituidos por importaciones m\u00e1s intensivas en carbono. \u201cEsto genera un efecto domin\u00f3, con m\u00faltiples consecuencias negativas, como p\u00e9rdida de empleos, disminuci\u00f3n de la competitividad industrial, menor aumento fiscal y debilitamiento de las pol\u00edticas clim\u00e1ticas del pa\u00eds\u201d, destac\u00f3 Alejandro Ram\u00edrez.<\/p>\n\n\n\n<p>Adem\u00e1s, PROCEMCO advirti\u00f3 que el clinker producido en Colombia, podr\u00eda enfrentar sobrecostos directos, lo cual supone una diferencia sustancial para la competitividad de los productores nacionales, dado que el cemento es un commodity, lo que adem\u00e1s implicar\u00eda un posible incremento de importaciones, desplazando la producci\u00f3n nacional.<\/p>\n\n\n\n<p>Otro desaf\u00edo planteado durante la agenda fue la importancia de invertir el impuesto al carbono en estrategias de descarbonizaci\u00f3n, que aporten a la acci\u00f3n clim\u00e1tica global. Esto teniendo en cuenta que, en el marco de la Ley de Financiamiento, aunque el impuesto al carbono se triplicar\u00eda, su destino para la protecci\u00f3n del medio ambiente y la lucha contra el cambio clim\u00e1tico se reducir\u00eda del 80% al 27% de lo recaudado.<\/p>\n\n\n\n<p>\u201cEl Secretario Ejecutivo de Cambio Clim\u00e1tico de la ONU anunci\u00f3 que, cuando entren en funcionamiento los mercados de carbono, los pa\u00edses podr\u00e1n implementar sus planes clim\u00e1ticos de manera m\u00e1s r\u00e1pida y econ\u00f3mica, reduciendo las emisiones. En la medida en que los planteamientos de Colombia sean compatibles con los protocolos internacionales y recojan los aprendizajes de otras experiencias internacionales para las industrias intensivas en energ\u00eda, lograremos una descarbonizaci\u00f3n efectiva y real en beneficio de todos\u201d, concluy\u00f3 Manuel Lascarro, Director General de PROCEMCO.<\/p>\n","protected":false},"excerpt":{"rendered":"<p>Bogot\u00e1 D.C., noviembre 19 de 2024. L\u00edderes empresariales y expertos plantearon los desaf\u00edos que se derivar\u00edan del proyecto de Ley de Financiamiento, en caso de ser aprobada en el Congreso, la cual podr\u00eda triplicar el impuesto al carbono en tan solo dos a\u00f1os, lo que generar\u00eda un fuerte impacto a industrias nacionales de alto consumo&#8230;<\/p>\n","protected":false},"author":5,"featured_media":11791,"comment_status":"closed","ping_status":"closed","sticky":false,"template":"","format":"standard","meta":{"_FSMCFIC_featured_image_caption":"","_FSMCFIC_featured_image_nocaption":"","_FSMCFIC_featured_image_hide":"","footnotes":""},"categories":[22],"tags":[],"class_list":["post-11789","post","type-post","status-publish","format-standard","has-post-thumbnail","hentry","category-el_resto"],"_links":{"self":[{"href":"https:\/\/economiaconedmer.com\/economiaenserio\/wp-json\/wp\/v2\/posts\/11789","targetHints":{"allow":["GET"]}}],"collection":[{"href":"https:\/\/economiaconedmer.com\/economiaenserio\/wp-json\/wp\/v2\/posts"}],"about":[{"href":"https:\/\/economiaconedmer.com\/economiaenserio\/wp-json\/wp\/v2\/types\/post"}],"author":[{"embeddable":true,"href":"https:\/\/economiaconedmer.com\/economiaenserio\/wp-json\/wp\/v2\/users\/5"}],"replies":[{"embeddable":true,"href":"https:\/\/economiaconedmer.com\/economiaenserio\/wp-json\/wp\/v2\/comments?post=11789"}],"version-history":[{"count":1,"href":"https:\/\/economiaconedmer.com\/economiaenserio\/wp-json\/wp\/v2\/posts\/11789\/revisions"}],"predecessor-version":[{"id":11790,"href":"https:\/\/economiaconedmer.com\/economiaenserio\/wp-json\/wp\/v2\/posts\/11789\/revisions\/11790"}],"wp:featuredmedia":[{"embeddable":true,"href":"https:\/\/economiaconedmer.com\/economiaenserio\/wp-json\/wp\/v2\/media\/11791"}],"wp:attachment":[{"href":"https:\/\/economiaconedmer.com\/economiaenserio\/wp-json\/wp\/v2\/media?parent=11789"}],"wp:term":[{"taxonomy":"category","embeddable":true,"href":"https:\/\/economiaconedmer.com\/economiaenserio\/wp-json\/wp\/v2\/categories?post=11789"},{"taxonomy":"post_tag","embeddable":true,"href":"https:\/\/economiaconedmer.com\/economiaenserio\/wp-json\/wp\/v2\/tags?post=11789"}],"curies":[{"name":"wp","href":"https:\/\/api.w.org\/{rel}","templated":true}]}}