{"id":11787,"date":"2024-11-20T07:01:55","date_gmt":"2024-11-20T12:01:55","guid":{"rendered":"https:\/\/economiaconedmer.com\/economiaenserio\/?p=11787"},"modified":"2024-11-20T07:01:58","modified_gmt":"2024-11-20T12:01:58","slug":"krups-lanza-su-primer-centro-de-experiencias-en-medellin","status":"publish","type":"post","link":"https:\/\/economiaconedmer.com\/economiaenserio\/11\/20\/krups-lanza-su-primer-centro-de-experiencias-en-medellin\/corticas\/2024\/","title":{"rendered":"Krups lanza su primer Centro de Experiencias en Medell\u00edn"},"content":{"rendered":"\n<p>Krups, una marca alemana experta en m\u00e1quinas de espresso y que cuenta con toda la tecnolog\u00eda y recorrido que se necesita para hacer de la preparaci\u00f3n del caf\u00e9 un momento especial y memorable, inaugur\u00f3 su primer centro de experiencias en el Mall Comercial Lemont en Medell\u00edn, tras su primer a\u00f1o en el mercado colombiano. <em>\u201cEste espacio est\u00e1 dise\u00f1ado para todos aquellos amantes del caf\u00e9 que quieren aprender y conocer m\u00e1s sobre este mundo, esto de la mano de una asesor\u00eda experta la cual ser\u00e1 suministrada por baristas calificados. Esta es nuestra apuesta para continuar acercando a los colombianos a la marca que busca ritualizar la preparaci\u00f3n de esta bebida y transformarla en algo especial\u201d-\u00a0<\/em>manifest\u00f3\u00a0Natalia Barrero, gerente de Mercadeo de Krups.<\/p>\n","protected":false},"excerpt":{"rendered":"<p>Krups, una marca alemana experta en m\u00e1quinas de espresso y que cuenta con toda la tecnolog\u00eda y recorrido que se necesita para hacer de la preparaci\u00f3n del caf\u00e9 un momento especial y memorable, inaugur\u00f3 su primer centro de experiencias en el Mall Comercial Lemont en Medell\u00edn, tras su primer a\u00f1o en el mercado colombiano. \u201cEste&#8230;<\/p>\n","protected":false},"author":5,"featured_media":0,"comment_status":"closed","ping_status":"closed","sticky":false,"template":"","format":"standard","meta":{"_FSMCFIC_featured_image_caption":"","_FSMCFIC_featured_image_nocaption":"","_FSMCFIC_featured_image_hide":"","footnotes":""},"categories":[23],"tags":[],"class_list":["post-11787","post","type-post","status-publish","format-standard","hentry","category-corticas"],"_links":{"self":[{"href":"https:\/\/economiaconedmer.com\/economiaenserio\/wp-json\/wp\/v2\/posts\/11787","targetHints":{"allow":["GET"]}}],"collection":[{"href":"https:\/\/economiaconedmer.com\/economiaenserio\/wp-json\/wp\/v2\/posts"}],"about":[{"href":"https:\/\/economiaconedmer.com\/economiaenserio\/wp-json\/wp\/v2\/types\/post"}],"author":[{"embeddable":true,"href":"https:\/\/economiaconedmer.com\/economiaenserio\/wp-json\/wp\/v2\/users\/5"}],"replies":[{"embeddable":true,"href":"https:\/\/economiaconedmer.com\/economiaenserio\/wp-json\/wp\/v2\/comments?post=11787"}],"version-history":[{"count":1,"href":"https:\/\/economiaconedmer.com\/economiaenserio\/wp-json\/wp\/v2\/posts\/11787\/revisions"}],"predecessor-version":[{"id":11788,"href":"https:\/\/economiaconedmer.com\/economiaenserio\/wp-json\/wp\/v2\/posts\/11787\/revisions\/11788"}],"wp:attachment":[{"href":"https:\/\/economiaconedmer.com\/economiaenserio\/wp-json\/wp\/v2\/media?parent=11787"}],"wp:term":[{"taxonomy":"category","embeddable":true,"href":"https:\/\/economiaconedmer.com\/economiaenserio\/wp-json\/wp\/v2\/categories?post=11787"},{"taxonomy":"post_tag","embeddable":true,"href":"https:\/\/economiaconedmer.com\/economiaenserio\/wp-json\/wp\/v2\/tags?post=11787"}],"curies":[{"name":"wp","href":"https:\/\/api.w.org\/{rel}","templated":true}]}}