{"id":11784,"date":"2024-11-20T06:57:50","date_gmt":"2024-11-20T11:57:50","guid":{"rendered":"https:\/\/economiaconedmer.com\/economiaenserio\/?p=11784"},"modified":"2024-11-20T06:59:02","modified_gmt":"2024-11-20T11:59:02","slug":"como-hacer-para-que-colombia-de-la-economia-de-la-biodiversidad","status":"publish","type":"post","link":"https:\/\/economiaconedmer.com\/economiaenserio\/11\/20\/como-hacer-para-que-colombia-de-la-economia-de-la-biodiversidad\/muy_sano\/2024\/","title":{"rendered":"C\u00f3mo hacer para que el pa\u00eds se beneficie de la econom\u00eda de la biodiversidad"},"content":{"rendered":"\n<p>La pregunta hecha por Allison Benson, PhD de la London School of Economics (LSE), directora del centro de investigaci\u00f3n Acci\u00f3n P\u00fablica y l\u00edder del proyecto Re-Imaginemos, sirvi\u00f3 como punto de partida para un di\u00e1logo entre cinco expertos en biodiversidad.<\/p>\n\n\n\n<p>Parte de la respuesta, se\u00f1al\u00f3 Benson, radica en la investigaci\u00f3n, en asumir riesgos de inversi\u00f3n, y en redise\u00f1ar las relaciones econ\u00f3micas, sociales y cotidianas situando a la naturaleza en el centro. \u201cAs\u00ed como la COP nos mostr\u00f3 que podemos trabajar en equipo, debemos reflexionar sobre c\u00f3mo colaborar para convertir la biodiversidad en una fuente de oportunidades para los colombianos\u201d.<\/p>\n\n\n\n<p>El espacio de di\u00e1logo, compuesto por Hernando Garc\u00eda, bi\u00f3logo y cient\u00edfico; Sandra Vilardy, exviceministra de ambiente; Wendy Arenas, emprendedora y cient\u00edfica social; Paola Andrea Qui\u00f1\u00f3nez, lideresa ambiental y defensora de derechos humanos; y Juliana Serrano, ilustradora, dise\u00f1adora y directora de Amazinkstudio, abord\u00f3 interrogantes clave sobre la conexi\u00f3n entre econom\u00eda y biodiversidad, buscando alternativas para un modelo sostenible que priorice el bienestar nacional.<\/p>\n\n\n\n<p>\u00bfC\u00f3mo construimos una econom\u00eda basada en la biodiversidad y que beneficie a empresas y comunidades colombianas?<\/p>\n\n\n\n<p>Hernando Garc\u00eda propone crear una industria propia que aproveche la riqueza natural de Colombia. Una de las posibilidades clave es la bioprospecci\u00f3n, que implica el uso econ\u00f3mico y justo de la biodiversidad en sectores como la farmac\u00e9utica y la industria alimentaria. \u201c\u00bfC\u00f3mo conectamos nuestro capital natural con la econom\u00eda y posicionamos la bioprospecci\u00f3n como una nueva marca para el pa\u00eds?\u201d, reflexiona Garc\u00eda.<\/p>\n\n\n\n<p>Por su parte, Sandra Vilardy, bi\u00f3loga, exviceministra de Ambiente y profesora de la Universidad de Los Andes, enfatiza el papel del sector privado en esta transformaci\u00f3n. \u201cEl sector privado tiene que entender que todos, incluidas sus empresas, estamos en riesgo por la degradaci\u00f3n de los ecosistemas y la p\u00e9rdida de biodiversidad. Si se acaba la selva, se acaba el agua, y sin agua, no hay econom\u00eda. Si nuestra riqueza es el capital natural, tenemos que protegerlo y hacerlo crecer. Los banqueros no queman su capital financiero; lo cuidan y lo hacen crecer<strong>\u201d<\/strong>, se\u00f1ala Vilardy.<\/p>\n\n\n\n<p>\u201cToda nuestra econom\u00eda ahora y siempre ha sido dependiente de la naturaleza\u201d, afirma Wendy Arenas, emprendedora y cient\u00edfica social, Directora de Alisos. \u201cLo que pasa es que se ha enfocado en explotar unos pocos recursos naturales, muy pocos minerales y muy pocos alimentos. La econom\u00eda moderna se basa en la explotaci\u00f3n de 10 productos y no ha habido una diversificaci\u00f3n. Y si no hablamos de diversidad, no hablamos de biodiversidad\u201d.<\/p>\n\n\n\n<p>En l\u00ednea con estas reflexiones, Benson, plantea una perspectiva integradora: \u201cLa pregunta no es solo c\u00f3mo evitamos el da\u00f1o a la biodiversidad, sino c\u00f3mo hacemos que esta genere oportunidades. La biodiversidad y el desarrollo econ\u00f3mico no son excluyentes; en un pa\u00eds como Colombia, deben ir de la mano\u201d.<\/p>\n\n\n\n<p><strong>\u00bfQu\u00e9 es y c\u00f3mo se impulsa una econom\u00eda basada en la biodiversidad?<\/strong><\/p>\n\n\n\n<p>La biodiversidad es una de las mayores riquezas del sur global, pero su potencial para el desarrollo econ\u00f3mico sigue siendo subutilizado. Wendy Arenas, emprendedora y cient\u00edfica social, destaca que la regi\u00f3n no ha fomentado una cultura de inversi\u00f3n en conocimiento, elemento clave para identificar y aprovechar nuevas oportunidades en la bioeconom\u00eda.<\/p>\n\n\n\n<p>En Colombia, seg\u00fan el Plan de Acci\u00f3n de Biodiversidad, la bioeconom\u00eda representa actualmente menos del 0,7 % del PIB, y la meta es elevar esta cifra al 3 %. Arenas enfatiza que esto requiere un cambio de mentalidad en el sector empresarial. \u201cNecesitamos que el sector empresarial de Colombia diga \u2018voy a asumir el riesgo de invertir en investigaci\u00f3n y desarrollo alrededor de la biodiversidad, con una nueva cultura de interdependencia con la naturaleza y su potencial\u2019. Muchos empresarios j\u00f3venes ya est\u00e1n en sinton\u00eda con esta idea, pero se necesita que sea la regla, no la excepci\u00f3n\u201d.<\/p>\n\n\n\n<p><\/p>\n","protected":false},"excerpt":{"rendered":"<p>La pregunta hecha por Allison Benson, PhD de la London School of Economics (LSE), directora del centro de investigaci\u00f3n Acci\u00f3n P\u00fablica y l\u00edder del proyecto Re-Imaginemos, sirvi\u00f3 como punto de partida para un di\u00e1logo entre cinco expertos en biodiversidad. Parte de la respuesta, se\u00f1al\u00f3 Benson, radica en la investigaci\u00f3n, en asumir riesgos de inversi\u00f3n, y&#8230;<\/p>\n","protected":false},"author":5,"featured_media":0,"comment_status":"closed","ping_status":"closed","sticky":false,"template":"","format":"standard","meta":{"_FSMCFIC_featured_image_caption":"","_FSMCFIC_featured_image_nocaption":"","_FSMCFIC_featured_image_hide":"","footnotes":""},"categories":[17],"tags":[],"class_list":["post-11784","post","type-post","status-publish","format-standard","hentry","category-muy_sano"],"_links":{"self":[{"href":"https:\/\/economiaconedmer.com\/economiaenserio\/wp-json\/wp\/v2\/posts\/11784","targetHints":{"allow":["GET"]}}],"collection":[{"href":"https:\/\/economiaconedmer.com\/economiaenserio\/wp-json\/wp\/v2\/posts"}],"about":[{"href":"https:\/\/economiaconedmer.com\/economiaenserio\/wp-json\/wp\/v2\/types\/post"}],"author":[{"embeddable":true,"href":"https:\/\/economiaconedmer.com\/economiaenserio\/wp-json\/wp\/v2\/users\/5"}],"replies":[{"embeddable":true,"href":"https:\/\/economiaconedmer.com\/economiaenserio\/wp-json\/wp\/v2\/comments?post=11784"}],"version-history":[{"count":2,"href":"https:\/\/economiaconedmer.com\/economiaenserio\/wp-json\/wp\/v2\/posts\/11784\/revisions"}],"predecessor-version":[{"id":11786,"href":"https:\/\/economiaconedmer.com\/economiaenserio\/wp-json\/wp\/v2\/posts\/11784\/revisions\/11786"}],"wp:attachment":[{"href":"https:\/\/economiaconedmer.com\/economiaenserio\/wp-json\/wp\/v2\/media?parent=11784"}],"wp:term":[{"taxonomy":"category","embeddable":true,"href":"https:\/\/economiaconedmer.com\/economiaenserio\/wp-json\/wp\/v2\/categories?post=11784"},{"taxonomy":"post_tag","embeddable":true,"href":"https:\/\/economiaconedmer.com\/economiaenserio\/wp-json\/wp\/v2\/tags?post=11784"}],"curies":[{"name":"wp","href":"https:\/\/api.w.org\/{rel}","templated":true}]}}