{"id":11768,"date":"2024-11-18T21:45:51","date_gmt":"2024-11-19T02:45:51","guid":{"rendered":"https:\/\/economiaconedmer.com\/economiaenserio\/?p=11768"},"modified":"2024-11-18T21:48:57","modified_gmt":"2024-11-19T02:48:57","slug":"vivienda-al-alcance-de-todos-ya-es-una-realidad-en-colombia","status":"publish","type":"post","link":"https:\/\/economiaconedmer.com\/economiaenserio\/11\/18\/vivienda-al-alcance-de-todos-ya-es-una-realidad-en-colombia\/el_bolsillo\/2024\/","title":{"rendered":"\u00a0&#8216;Vivienda al Alcance de Todos&#8217;, realidad en Colombia\u00a0\u00a0"},"content":{"rendered":"\n<p><strong>Bogot\u00e1, 14 de noviembre de 2024.<\/strong>&nbsp; La iniciativa \u00abVivienda al Alcance de Todos\u00bb, radicada e impulsada por el senador Julio Alberto El\u00edas Vidal, se convirti\u00f3 en la Ley 2434 de 2024, transformando significativamente el acceso a la vivienda en Colombia. Esta nueva legislaci\u00f3n, fruto del trabajo y liderazgo del senador El\u00edas Vidal, representa un avance hist\u00f3rico para miles de familias colombianas que sue\u00f1an con tener casa propia.<\/p>\n\n\n\n<p>La ley 2434 de 2024 busca beneficiar a los colombianos a trav\u00e9s de:<\/p>\n\n\n\n<p>1. Flexibilizaci\u00f3n del financiamiento:&nbsp;&nbsp;<\/p>\n\n\n\n<p>Con esta ley, los gastos de escrituraci\u00f3n, impuestos y registro podr\u00e1n ser incluidos en el cr\u00e9dito hipotecario, eliminando barreras econ\u00f3micas que dificultaban la compra de vivienda. Esta medida beneficia especialmente a quienes pueden asumir cuotas mensuales, pero no cuentan con recursos suficientes para cubrir los altos costos iniciales.&nbsp;&nbsp;<\/p>\n\n\n\n<p>2. Modernizaci\u00f3n del sector inmobiliario:&nbsp;&nbsp;<\/p>\n\n\n\n<p>La ley permite la implementaci\u00f3n de aval\u00faos digitales y tecnolog\u00edas avanzadas para valorar propiedades. Esto agiliza los tr\u00e1mites, haci\u00e9ndolos m\u00e1s precisos, econ\u00f3micos y accesibles para todos.&nbsp;&nbsp;<\/p>\n\n\n\n<p>3. Impulso a la sostenibilidad:&nbsp;&nbsp;<\/p>\n\n\n\n<p>Con un enfoque en la sostenibilidad, se crean l\u00edneas de cr\u00e9dito especiales para la instalaci\u00f3n de paneles solares en viviendas, priorizando aquellas ubicadas en zonas con servicio el\u00e9ctrico deficiente. Esta medida no solo promueve el uso de energ\u00edas limpias, sino que tambi\u00e9n reduce costos mensuales para las familias.&nbsp;&nbsp;<\/p>\n\n\n\n<p>4. Eficiencia en los tr\u00e1mites notariales:&nbsp;&nbsp;<\/p>\n\n\n\n<p>Para garantizar un proceso m\u00e1s r\u00e1pido y transparente, las notar\u00edas deber\u00e1n cumplir plazos espec\u00edficos en todas las etapas del tr\u00e1mite, desde el contacto inicial hasta la entrega de documentos.&nbsp;&nbsp;<\/p>\n\n\n\n<p>El senador Julio Alberto El\u00edas Vidal, autor de esta importante iniciativa, destac\u00f3 que \u00abEsta ley es un paso fundamental para que m\u00e1s colombianos puedan acceder a una vivienda digna. Hemos trabajado para derribar las barreras econ\u00f3micas y burocr\u00e1ticas que imped\u00edan que miles de familias alcanzar\u00e1n este sue\u00f1o. La \u201cLey Vivienda al Alcance de Todos\u201d no solo facilita el acceso a la casa propia, sino que tambi\u00e9n promueve la sostenibilidad y modernizaci\u00f3n del sector. Es un cambio pensado en las necesidades reales de los ciudadanos.\u00bb<\/p>\n\n\n\n<p>Asimismo, el senador a\u00f1adi\u00f3 \u201ccon esta ley, buscamos no solo transformar el sistema de acceso a la vivienda, sino tambi\u00e9n fortalecer el tejido social. Tener una casa propia no es solo un logro financiero, es una base para la estabilidad y el bienestar de las familias colombianas.\u00bb&nbsp;&nbsp;<\/p>\n\n\n\n<p>Finalmente, el legislador expres\u00f3 \u201cEsta iniciativa es el resultado del esfuerzo conjunto y el compromiso de todos los que creemos en un pa\u00eds m\u00e1s equitativo. Es una prueba de que cuando trabajamos unidos por el bienestar de la gente, logramos resultados reales y duraderos.\u00bb&nbsp;&nbsp;<\/p>\n\n\n\n<p>Desde el 8 de noviembre de 2024, la \u201cLey Vivienda al Alcance de Todos\u201d se encuentra en vigencia, marcando un antes y un despu\u00e9s en el acceso a la vivienda en Colombia.&nbsp;&nbsp;<\/p>\n","protected":false},"excerpt":{"rendered":"<p>Bogot\u00e1, 14 de noviembre de 2024.&nbsp; La iniciativa \u00abVivienda al Alcance de Todos\u00bb, radicada e impulsada por el senador Julio Alberto El\u00edas Vidal, se convirti\u00f3 en la Ley 2434 de 2024, transformando significativamente el acceso a la vivienda en Colombia. Esta nueva legislaci\u00f3n, fruto del trabajo y liderazgo del senador El\u00edas Vidal, representa un avance&#8230;<\/p>\n","protected":false},"author":5,"featured_media":11771,"comment_status":"closed","ping_status":"closed","sticky":false,"template":"","format":"standard","meta":{"_FSMCFIC_featured_image_caption":"","_FSMCFIC_featured_image_nocaption":"","_FSMCFIC_featured_image_hide":"","footnotes":""},"categories":[2],"tags":[],"class_list":["post-11768","post","type-post","status-publish","format-standard","has-post-thumbnail","hentry","category-el_bolsillo"],"_links":{"self":[{"href":"https:\/\/economiaconedmer.com\/economiaenserio\/wp-json\/wp\/v2\/posts\/11768","targetHints":{"allow":["GET"]}}],"collection":[{"href":"https:\/\/economiaconedmer.com\/economiaenserio\/wp-json\/wp\/v2\/posts"}],"about":[{"href":"https:\/\/economiaconedmer.com\/economiaenserio\/wp-json\/wp\/v2\/types\/post"}],"author":[{"embeddable":true,"href":"https:\/\/economiaconedmer.com\/economiaenserio\/wp-json\/wp\/v2\/users\/5"}],"replies":[{"embeddable":true,"href":"https:\/\/economiaconedmer.com\/economiaenserio\/wp-json\/wp\/v2\/comments?post=11768"}],"version-history":[{"count":3,"href":"https:\/\/economiaconedmer.com\/economiaenserio\/wp-json\/wp\/v2\/posts\/11768\/revisions"}],"predecessor-version":[{"id":11772,"href":"https:\/\/economiaconedmer.com\/economiaenserio\/wp-json\/wp\/v2\/posts\/11768\/revisions\/11772"}],"wp:featuredmedia":[{"embeddable":true,"href":"https:\/\/economiaconedmer.com\/economiaenserio\/wp-json\/wp\/v2\/media\/11771"}],"wp:attachment":[{"href":"https:\/\/economiaconedmer.com\/economiaenserio\/wp-json\/wp\/v2\/media?parent=11768"}],"wp:term":[{"taxonomy":"category","embeddable":true,"href":"https:\/\/economiaconedmer.com\/economiaenserio\/wp-json\/wp\/v2\/categories?post=11768"},{"taxonomy":"post_tag","embeddable":true,"href":"https:\/\/economiaconedmer.com\/economiaenserio\/wp-json\/wp\/v2\/tags?post=11768"}],"curies":[{"name":"wp","href":"https:\/\/api.w.org\/{rel}","templated":true}]}}