{"id":11246,"date":"2024-10-17T18:09:43","date_gmt":"2024-10-17T23:09:43","guid":{"rendered":"https:\/\/economiaconedmer.com\/economiaenserio\/?p=11246"},"modified":"2024-10-17T18:10:39","modified_gmt":"2024-10-17T23:10:39","slug":"manpowergroup-hara-feria-laboral-con-1-900-vacantes","status":"publish","type":"post","link":"https:\/\/economiaconedmer.com\/economiaenserio\/10\/17\/manpowergroup-hara-feria-laboral-con-1-900-vacantes\/el_bolsillo\/2024\/","title":{"rendered":"ManpowerGroup har\u00e1 feria laboral con 1.900 vacantes"},"content":{"rendered":"\n<p><strong>Bogot\u00e1, octubre de 2024.<\/strong>&nbsp; <a href=\"https:\/\/manpowergroupcolombia.co\/\">ManpowerGroup<\/a> Colombia, firma experta en talento humano, en colaboraci\u00f3n con la Alcald\u00eda local de Puente Aranda, en Bogot\u00e1, realizar\u00e1 una feria laboral los d\u00edas 23 y 24 de octubre en la capital del pa\u00eds.<\/p>\n\n\n\n<p><a><\/a>El evento se llevar\u00e1 a cabo entre las 8:00 am y las 5:00 pm en el parque del barrio Comuneros, en la calle 4 # 31 D 30, Puente Aranda y ofrecer\u00e1 m\u00e1s de 1.940 vacantes temporales para cubrir la temporada de fin de a\u00f1o, unas de las m\u00e1s importantes en el pa\u00eds.&nbsp; Hay ofertas disponibles para diferentes empresas, entre ellas reconocidas marcas como H&amp;M, Levis, Falabella, Seven Seven, ZTE, Oma, y Colanta. Esta iniciativa busca brindar oportunidades de empleo a cientos de ciudadanos, en una amplia gama de sectores y perfiles laborales.<\/p>\n\n\n\n<p>Juan Camilo Garc\u00e9s, Director de Operaciones de Manpower Colombia, coment\u00f3: \u201cEn ManpowerGroup creemos firmemente en el poder del empleo para transformar vidas y fortalecer las comunidades. Esta feria laboral es una muestra de nuestro compromiso por facilitar la conexi\u00f3n entre el talento colombiano y las oportunidades laborales que ofrecen nuestros clientes. Nos sentimos orgullosos de trabajar de la mano con la Alcald\u00eda Local de Puente Aranda para contribuir al crecimiento econ\u00f3mico y social del pa\u00eds\u201d.<\/p>\n\n\n\n<p>La feria laboral, que se espera atraiga entre 2.500 y 3.000 personas, ofrecer\u00e1 oportunidades para perfiles como asesores comerciales, auxiliares de almacenamiento y bodega, impulsadores(as), mercaderistas, operarios de confecci\u00f3n y producci\u00f3n, promotores, representantes de marca, y supervisores. Los asistentes podr\u00e1n participar en entrevistas con reclutadores de empresas de distintos sectores, mejorando as\u00ed sus posibilidades de obtener empleo en un ambiente din\u00e1mico y profesional.<\/p>\n\n\n\n<p>Garc\u00e9s tambi\u00e9n enfatiz\u00f3 el impacto de la feria en la empleabilidad y desarrollo local: \u201cEn ManpowerGroup estamos comprometidos con el crecimiento del talento local y con la generaci\u00f3n de empleo de calidad. La colaboraci\u00f3n con la Alcald\u00eda Local de Puente Aranda es un ejemplo de c\u00f3mo las alianzas estrat\u00e9gicas pueden generar un cambio significativo, no solo en la vida de las personas que consiguen empleo, sino en el bienestar de toda la comunidad\u201d.<\/p>\n\n\n\n<p>El evento estar\u00e1 abierto a todas las personas interesadas en encontrar empleo o mejorar su situaci\u00f3n laboral. Con este tipo de eventos, ManpowerGroup busca seguir posicion\u00e1ndose como un aliado clave para el desarrollo profesional de los colombianos y para la inclusi\u00f3n laboral en diferentes sectores.<\/p>\n\n\n\n<p><a><\/a>La empresa, comprometida con la innovaci\u00f3n y las soluciones de talento humano, contin\u00faa trabajando en alianzas estrat\u00e9gicas con entidades gubernamentales y privadas para generar un impacto positivo en el mercado laboral del pa\u00eds.<\/p>\n","protected":false},"excerpt":{"rendered":"<p>Bogot\u00e1, octubre de 2024.&nbsp; ManpowerGroup Colombia, firma experta en talento humano, en colaboraci\u00f3n con la Alcald\u00eda local de Puente Aranda, en Bogot\u00e1, realizar\u00e1 una feria laboral los d\u00edas 23 y 24 de octubre en la capital del pa\u00eds. El evento se llevar\u00e1 a cabo entre las 8:00 am y las 5:00 pm en el parque&#8230;<\/p>\n","protected":false},"author":5,"featured_media":11248,"comment_status":"closed","ping_status":"closed","sticky":false,"template":"","format":"standard","meta":{"_FSMCFIC_featured_image_caption":"","_FSMCFIC_featured_image_nocaption":"","_FSMCFIC_featured_image_hide":"","footnotes":""},"categories":[2],"tags":[],"class_list":["post-11246","post","type-post","status-publish","format-standard","has-post-thumbnail","hentry","category-el_bolsillo"],"_links":{"self":[{"href":"https:\/\/economiaconedmer.com\/economiaenserio\/wp-json\/wp\/v2\/posts\/11246","targetHints":{"allow":["GET"]}}],"collection":[{"href":"https:\/\/economiaconedmer.com\/economiaenserio\/wp-json\/wp\/v2\/posts"}],"about":[{"href":"https:\/\/economiaconedmer.com\/economiaenserio\/wp-json\/wp\/v2\/types\/post"}],"author":[{"embeddable":true,"href":"https:\/\/economiaconedmer.com\/economiaenserio\/wp-json\/wp\/v2\/users\/5"}],"replies":[{"embeddable":true,"href":"https:\/\/economiaconedmer.com\/economiaenserio\/wp-json\/wp\/v2\/comments?post=11246"}],"version-history":[{"count":2,"href":"https:\/\/economiaconedmer.com\/economiaenserio\/wp-json\/wp\/v2\/posts\/11246\/revisions"}],"predecessor-version":[{"id":11249,"href":"https:\/\/economiaconedmer.com\/economiaenserio\/wp-json\/wp\/v2\/posts\/11246\/revisions\/11249"}],"wp:featuredmedia":[{"embeddable":true,"href":"https:\/\/economiaconedmer.com\/economiaenserio\/wp-json\/wp\/v2\/media\/11248"}],"wp:attachment":[{"href":"https:\/\/economiaconedmer.com\/economiaenserio\/wp-json\/wp\/v2\/media?parent=11246"}],"wp:term":[{"taxonomy":"category","embeddable":true,"href":"https:\/\/economiaconedmer.com\/economiaenserio\/wp-json\/wp\/v2\/categories?post=11246"},{"taxonomy":"post_tag","embeddable":true,"href":"https:\/\/economiaconedmer.com\/economiaenserio\/wp-json\/wp\/v2\/tags?post=11246"}],"curies":[{"name":"wp","href":"https:\/\/api.w.org\/{rel}","templated":true}]}}