{"id":11228,"date":"2024-10-16T21:14:50","date_gmt":"2024-10-17T02:14:50","guid":{"rendered":"https:\/\/economiaconedmer.com\/economiaenserio\/?p=11228"},"modified":"2024-10-16T21:22:22","modified_gmt":"2024-10-17T02:22:22","slug":"lento-despegue-de-las-ventas-del-comercio","status":"publish","type":"post","link":"https:\/\/economiaconedmer.com\/economiaenserio\/10\/16\/lento-despegue-de-las-ventas-del-comercio\/el_bolsillo\/2024\/","title":{"rendered":"Lento despegue de las ventas del comercio en Colombia"},"content":{"rendered":"\n<p>La mejora en las expectativas econ\u00f3micas del pa\u00eds a\u00fan no despejan desconfianza de los comerciantes colombianos, mientras siguen aferrados a la mezcla entre el e-commerce y la venta f\u00edsica. Seg\u00fan la Bit\u00e1cora elaborada por La Federaci\u00f3n Nacional de Comerciantes, en septiembre la actividad comercial tuvo un desempe\u00f1o ligeramente mejor al de los meses precedentes, pero a\u00fan parece prematuro sostener que ya hay un quiebre en la tendencia declinante de las ventas que se observa desde finales del 2022. <\/p>\n\n\n\n<p>Para el 26% de los comerciantes encuestados en desarrollo del ejercicio mensual, en el noveno mes del a\u00f1o, sus ventas expresadas en volumen tuvieron crecimiento frente a las obtenidas un a\u00f1o antes. <\/p>\n\n\n\n<p>El 46% report\u00f3 unas ventas muy similares y un 28% dijo que fueron m\u00e1s bajas. Dos hechos se destacan \u00faltimamente. El primero es la gradual recuperaci\u00f3n de las ventas de bienes de consumo durable como los muebles, computadores, televisores, peque\u00f1os electrodom\u00e9sticos, carros y motos. Es probable que ante unas mejores condiciones financieras, los hogares hayan aumentado su propensi\u00f3n al consumo por este tipo de mercanc\u00edas.<\/p>\n\n\n\n<p>La tasa de usura que rige en octubre, del 28,17%, es la m\u00e1s baja desde abril de 2022. Y el segundo acontecimiento que impact\u00f3 la marcha de los negocios en general fue el paro camionero que se adelant\u00f3 en la primera semana de septiembre pero cuyos efectos negativos para la econom\u00eda en general se extendieron durante la primera quincena. El flujo de visitantes a los centros comerciales en este lapso disminuy\u00f3 notoriamente y ello se reflej\u00f3 en un mal comportamiento de las ventas del cluster de la moda como los textiles, vestuario, calzado, bisuter\u00eda, morrales y similares.<br>Pero no s\u00f3lo los centros comerciales registraron ca\u00edda de visitantes y ventas, sino tambi\u00e9n los locales<br>comerciales y restaurantes ubicados en el centro de las ciudades, por las mismas razones. En la segunda parte del mes, y tambi\u00e9n con el influjo del D\u00eda del amor y la amistad, se registr\u00f3 una recuperaci\u00f3n de la din\u00e1mica comercial.<br>Destacamos el reporte negativo de los comerciantes de agroinsumos y almacenes de provisi\u00f3n nagr\u00edcola, los cuales expresaron su desaz\u00f3n por el mal comportamiento en sus ventas durante el tercer trimestre, incluyendo el mes de septiembre. Tambi\u00e9n est\u00e1 aumentando el contrabando en el pa\u00eds.<\/p>\n\n\n\n<p>A la pregunta de c\u00f3mo perciben el contrabando de mercanc\u00edas en los \u00faltimos dos meses, el 29% de los consultados respondi\u00f3 que ha aumentado, un 7% consider\u00f3 que ha bajado y el 64% dijo que se mantiene igual. Es constante la queja de los llanteros de que este flagelo se ha multiplicado en el presente a\u00f1o.<\/p>\n\n\n\n<p><br><\/p>\n","protected":false},"excerpt":{"rendered":"<p>La mejora en las expectativas econ\u00f3micas del pa\u00eds a\u00fan no despejan desconfianza de los comerciantes colombianos, mientras siguen aferrados a la mezcla entre el e-commerce y la venta f\u00edsica. Seg\u00fan la Bit\u00e1cora elaborada por La Federaci\u00f3n Nacional de Comerciantes, en septiembre la actividad comercial tuvo un desempe\u00f1o ligeramente mejor al de los meses precedentes, pero&#8230;<\/p>\n","protected":false},"author":5,"featured_media":11231,"comment_status":"closed","ping_status":"closed","sticky":false,"template":"","format":"standard","meta":{"_FSMCFIC_featured_image_caption":"","_FSMCFIC_featured_image_nocaption":"","_FSMCFIC_featured_image_hide":"","footnotes":""},"categories":[2],"tags":[],"class_list":["post-11228","post","type-post","status-publish","format-standard","has-post-thumbnail","hentry","category-el_bolsillo"],"_links":{"self":[{"href":"https:\/\/economiaconedmer.com\/economiaenserio\/wp-json\/wp\/v2\/posts\/11228","targetHints":{"allow":["GET"]}}],"collection":[{"href":"https:\/\/economiaconedmer.com\/economiaenserio\/wp-json\/wp\/v2\/posts"}],"about":[{"href":"https:\/\/economiaconedmer.com\/economiaenserio\/wp-json\/wp\/v2\/types\/post"}],"author":[{"embeddable":true,"href":"https:\/\/economiaconedmer.com\/economiaenserio\/wp-json\/wp\/v2\/users\/5"}],"replies":[{"embeddable":true,"href":"https:\/\/economiaconedmer.com\/economiaenserio\/wp-json\/wp\/v2\/comments?post=11228"}],"version-history":[{"count":2,"href":"https:\/\/economiaconedmer.com\/economiaenserio\/wp-json\/wp\/v2\/posts\/11228\/revisions"}],"predecessor-version":[{"id":11230,"href":"https:\/\/economiaconedmer.com\/economiaenserio\/wp-json\/wp\/v2\/posts\/11228\/revisions\/11230"}],"wp:featuredmedia":[{"embeddable":true,"href":"https:\/\/economiaconedmer.com\/economiaenserio\/wp-json\/wp\/v2\/media\/11231"}],"wp:attachment":[{"href":"https:\/\/economiaconedmer.com\/economiaenserio\/wp-json\/wp\/v2\/media?parent=11228"}],"wp:term":[{"taxonomy":"category","embeddable":true,"href":"https:\/\/economiaconedmer.com\/economiaenserio\/wp-json\/wp\/v2\/categories?post=11228"},{"taxonomy":"post_tag","embeddable":true,"href":"https:\/\/economiaconedmer.com\/economiaenserio\/wp-json\/wp\/v2\/tags?post=11228"}],"curies":[{"name":"wp","href":"https:\/\/api.w.org\/{rel}","templated":true}]}}