{"id":11205,"date":"2024-10-16T19:58:33","date_gmt":"2024-10-17T00:58:33","guid":{"rendered":"https:\/\/economiaconedmer.com\/economiaenserio\/?p=11205"},"modified":"2024-10-16T20:04:53","modified_gmt":"2024-10-17T01:04:53","slug":"vitad-lanza-apuesta-de-bebidas-lacteas","status":"publish","type":"post","link":"https:\/\/economiaconedmer.com\/economiaenserio\/10\/16\/vitad-lanza-apuesta-de-bebidas-lacteas\/el_resto\/2024\/","title":{"rendered":"Vitad lanza apuesta de bebidas l\u00e1cteas"},"content":{"rendered":"\n<p><strong>Bogot\u00e1, 16 de octubre de 2024.<\/strong>&nbsp;Con una propuesta clara y diferenciada en el mercado colombiano, Vitad presenta su nueva bebida l\u00e1ctea a base de yogurt, en tres sabores (fresa, mora y melocot\u00f3n), con solo 2.6 gramos de az\u00facar a\u00f1adido y sin sellos de advertencia nutricional, lo que las convierte en una opci\u00f3n \u00fanica en su categor\u00eda, para los colombianos que buscan opciones que les permitan mantener un balance entre cuidar su salud sin renunciar a un buen sabor. Adicionalmente, se ofrece bajo un precio asequible para todos los colombianos en formato vaso para consumo individual o botella para toda la familia.<\/p>\n\n\n\n<p><em>\u201cCon Vitad, queremos que las personas disfruten de lo que consumen sin preocupaciones ni culpas. Creemos que el bienestar es una combinaci\u00f3n de nutrici\u00f3n, salud f\u00edsica, mental, y disfrute, y eso es lo que queremos reflejar en nuestra marca\u00bb<\/em>, afirm\u00f3 Rafael \u00c1lvarez, CEO de Alquer\u00eda.<\/p>\n\n\n\n<p><strong>Una apuesta por la alimentaci\u00f3n consciente<\/strong><\/p>\n\n\n\n<p>Este lanzamiento responde a un cambio en los h\u00e1bitos de consumo, donde el bienestar y la alimentaci\u00f3n consciente juegan un papel cada vez m\u00e1s relevante. Los productos de Vitad est\u00e1n pensados para consumidores que buscan alimentos naturales, sin exceso de az\u00facar y sin ingredientes artificiales, pero que a la vez no desean renunciar a un sabor agradable y una experiencia saludable.<\/p>\n\n\n\n<p><em>\u201cEl reto para nosotros fue demostrar que se puede crear un producto funcional y saludable que tambi\u00e9n sea irresistible. Queremos romper el estigma de que lo nutritivo no es rico y lo rico no es nutritivo. Todo esto con una propuesta de precio asequible para los consumidores colombianos\u00bb<\/em>, coment\u00f3 Andr\u00e9s D\u00edaz del Castillo, cofundador de Vitad.<\/p>\n\n\n\n<p><strong>Una marca en expansi\u00f3n<\/strong><\/p>\n\n\n\n<p>Vitad, que forma parte del portafolio multimarca &#8211; multicategor\u00eda de Alquer\u00eda desde el 2023, est\u00e1 posicionada como una marca de \u201csnacks nutritivos\u201d. Adem\u00e1s de sus nuevas bebidas l\u00e1cteas, la marca ofrece una amplia gama de productos, que incluyen snacks salados y dulces, as\u00ed como mezclas para preparar, todos bajo un enfoque de transparencia total en cuanto a los ingredientes y valores nutricionales.<\/p>\n\n\n\n<p><em>\u201cNo tenemos secretos en nuestra tabla nutricional\u00bb<\/em>, se\u00f1al\u00f3 Andr\u00e9s Pulido, cofundador de Vitad.&nbsp;<em>\u00abNuestros consumidores saben exactamente qu\u00e9 est\u00e1n consumiendo y, lo m\u00e1s importante, pueden hacerlo sin preocuparse por sellos o ingredientes ocultos\u00bb<\/em>.<\/p>\n","protected":false},"excerpt":{"rendered":"<p>Bogot\u00e1, 16 de octubre de 2024.&nbsp;Con una propuesta clara y diferenciada en el mercado colombiano, Vitad presenta su nueva bebida l\u00e1ctea a base de yogurt, en tres sabores (fresa, mora y melocot\u00f3n), con solo 2.6 gramos de az\u00facar a\u00f1adido y sin sellos de advertencia nutricional, lo que las convierte en una opci\u00f3n \u00fanica en su&#8230;<\/p>\n","protected":false},"author":5,"featured_media":11207,"comment_status":"closed","ping_status":"closed","sticky":false,"template":"","format":"standard","meta":{"_FSMCFIC_featured_image_caption":"","_FSMCFIC_featured_image_nocaption":"","_FSMCFIC_featured_image_hide":"","footnotes":""},"categories":[22],"tags":[],"class_list":["post-11205","post","type-post","status-publish","format-standard","has-post-thumbnail","hentry","category-el_resto"],"_links":{"self":[{"href":"https:\/\/economiaconedmer.com\/economiaenserio\/wp-json\/wp\/v2\/posts\/11205","targetHints":{"allow":["GET"]}}],"collection":[{"href":"https:\/\/economiaconedmer.com\/economiaenserio\/wp-json\/wp\/v2\/posts"}],"about":[{"href":"https:\/\/economiaconedmer.com\/economiaenserio\/wp-json\/wp\/v2\/types\/post"}],"author":[{"embeddable":true,"href":"https:\/\/economiaconedmer.com\/economiaenserio\/wp-json\/wp\/v2\/users\/5"}],"replies":[{"embeddable":true,"href":"https:\/\/economiaconedmer.com\/economiaenserio\/wp-json\/wp\/v2\/comments?post=11205"}],"version-history":[{"count":1,"href":"https:\/\/economiaconedmer.com\/economiaenserio\/wp-json\/wp\/v2\/posts\/11205\/revisions"}],"predecessor-version":[{"id":11206,"href":"https:\/\/economiaconedmer.com\/economiaenserio\/wp-json\/wp\/v2\/posts\/11205\/revisions\/11206"}],"wp:featuredmedia":[{"embeddable":true,"href":"https:\/\/economiaconedmer.com\/economiaenserio\/wp-json\/wp\/v2\/media\/11207"}],"wp:attachment":[{"href":"https:\/\/economiaconedmer.com\/economiaenserio\/wp-json\/wp\/v2\/media?parent=11205"}],"wp:term":[{"taxonomy":"category","embeddable":true,"href":"https:\/\/economiaconedmer.com\/economiaenserio\/wp-json\/wp\/v2\/categories?post=11205"},{"taxonomy":"post_tag","embeddable":true,"href":"https:\/\/economiaconedmer.com\/economiaenserio\/wp-json\/wp\/v2\/tags?post=11205"}],"curies":[{"name":"wp","href":"https:\/\/api.w.org\/{rel}","templated":true}]}}