{"id":11193,"date":"2024-10-16T19:34:58","date_gmt":"2024-10-17T00:34:58","guid":{"rendered":"https:\/\/economiaconedmer.com\/economiaenserio\/?p=11193"},"modified":"2024-10-16T19:37:03","modified_gmt":"2024-10-17T00:37:03","slug":"centro-comercial-paseo-villa-del-rio-llega-a-su-techo-con-energia-solar","status":"publish","type":"post","link":"https:\/\/economiaconedmer.com\/economiaenserio\/10\/16\/centro-comercial-paseo-villa-del-rio-llega-a-su-techo-con-energia-solar\/muy_sano\/2024\/","title":{"rendered":"El centro comercial Paseo Villa del R\u00edo llega a su techo con energ\u00eda solar"},"content":{"rendered":"\n<p><strong>Bogot\u00e1, octubre de 2024.<\/strong>&nbsp;Reducir el consumo de energ\u00eda en zonas comunes, evidenciar el compromiso con la reducci\u00f3n del impacto ambiental y servir como modelo para la implementaci\u00f3n de energ\u00edas renovables en el sector comercial, fueron, entre otras, las motivaciones del centro comercial Paseo Villa del R\u00edo para poner en marcha su proyecto solar de autogeneraci\u00f3n de energ\u00eda.<\/p>\n\n\n\n<p>El proyecto, desarrollado por GreenYellow Colombia, incorpor\u00f3 la instalaci\u00f3n de 658 paneles solares con una&nbsp;producci\u00f3n de&nbsp;538 MWh anuales&nbsp;a partir de una capacidad de&nbsp;382 kWp, con lo cual se cubre una cuarta parte de las necesidades energ\u00e9ticas del centro comercial. La generaci\u00f3n de energ\u00eda limpia mediante este sistema evitar\u00e1 la emisi\u00f3n de cerca de&nbsp;271 toneladas de CO2 al a\u00f1o, equivalente a la siembra de 1.294 \u00e1rboles.<\/p>\n\n\n\n<p><em>\u201cLa idea de crear este proyecto viene desde que se comenz\u00f3 a planear la construcci\u00f3n del centro comercial y est\u00e1 compuesto por un sistema de autogeneraci\u00f3n desarrollado en tres cubiertas en un \u00e1rea de 3.600 mts2 distribuidas en el gimnasio, los cinemas y los restaurantes, el cual va en l\u00ednea con nuestras metas sostenibles\u201d, afirma Andr\u00e9s Parra, gerente de operaciones del Centro Comercial Paseo Villa del R\u00edo.<\/em><\/p>\n\n\n\n<p>Este proyecto solar de autogeneraci\u00f3n energ\u00e9tica no solo evidencia un compromiso con la reducci\u00f3n del impacto ambiental, sino que tambi\u00e9n sirve como modelo para la implementaci\u00f3n de energ\u00edas renovables en el \u00e1mbito comercial, destacando el papel crucial de la energ\u00eda solar en la mitigaci\u00f3n del cambio clim\u00e1tico y una dedicaci\u00f3n a pr\u00e1cticas de negocio responsables con el medio ambiente.<\/p>\n\n\n\n<p><em>\u201cQueremos dar ejemplo porque contamos con la certificaci\u00f3n EDGE. Somos un centro comercial sostenible que invita a otros centros comerciales a considerar la implementaci\u00f3n de este tipo de estrategias, que no solo protegen el medio ambiente, sino que tambi\u00e9n generan ahorros en las tarifas y en el consumo de energ\u00eda\u201d, concluye Parra.<\/em><\/p>\n","protected":false},"excerpt":{"rendered":"<p>Bogot\u00e1, octubre de 2024.&nbsp;Reducir el consumo de energ\u00eda en zonas comunes, evidenciar el compromiso con la reducci\u00f3n del impacto ambiental y servir como modelo para la implementaci\u00f3n de energ\u00edas renovables en el sector comercial, fueron, entre otras, las motivaciones del centro comercial Paseo Villa del R\u00edo para poner en marcha su proyecto solar de autogeneraci\u00f3n&#8230;<\/p>\n","protected":false},"author":5,"featured_media":11196,"comment_status":"closed","ping_status":"closed","sticky":false,"template":"","format":"standard","meta":{"_FSMCFIC_featured_image_caption":"","_FSMCFIC_featured_image_nocaption":"","_FSMCFIC_featured_image_hide":"","footnotes":""},"categories":[17],"tags":[],"class_list":["post-11193","post","type-post","status-publish","format-standard","has-post-thumbnail","hentry","category-muy_sano"],"_links":{"self":[{"href":"https:\/\/economiaconedmer.com\/economiaenserio\/wp-json\/wp\/v2\/posts\/11193","targetHints":{"allow":["GET"]}}],"collection":[{"href":"https:\/\/economiaconedmer.com\/economiaenserio\/wp-json\/wp\/v2\/posts"}],"about":[{"href":"https:\/\/economiaconedmer.com\/economiaenserio\/wp-json\/wp\/v2\/types\/post"}],"author":[{"embeddable":true,"href":"https:\/\/economiaconedmer.com\/economiaenserio\/wp-json\/wp\/v2\/users\/5"}],"replies":[{"embeddable":true,"href":"https:\/\/economiaconedmer.com\/economiaenserio\/wp-json\/wp\/v2\/comments?post=11193"}],"version-history":[{"count":2,"href":"https:\/\/economiaconedmer.com\/economiaenserio\/wp-json\/wp\/v2\/posts\/11193\/revisions"}],"predecessor-version":[{"id":11195,"href":"https:\/\/economiaconedmer.com\/economiaenserio\/wp-json\/wp\/v2\/posts\/11193\/revisions\/11195"}],"wp:featuredmedia":[{"embeddable":true,"href":"https:\/\/economiaconedmer.com\/economiaenserio\/wp-json\/wp\/v2\/media\/11196"}],"wp:attachment":[{"href":"https:\/\/economiaconedmer.com\/economiaenserio\/wp-json\/wp\/v2\/media?parent=11193"}],"wp:term":[{"taxonomy":"category","embeddable":true,"href":"https:\/\/economiaconedmer.com\/economiaenserio\/wp-json\/wp\/v2\/categories?post=11193"},{"taxonomy":"post_tag","embeddable":true,"href":"https:\/\/economiaconedmer.com\/economiaenserio\/wp-json\/wp\/v2\/tags?post=11193"}],"curies":[{"name":"wp","href":"https:\/\/api.w.org\/{rel}","templated":true}]}}