{"id":10791,"date":"2024-09-23T19:20:16","date_gmt":"2024-09-24T00:20:16","guid":{"rendered":"https:\/\/economiaconedmer.com\/economiaenserio\/?p=10791"},"modified":"2024-09-24T07:12:54","modified_gmt":"2024-09-24T12:12:54","slug":"cumbre-sobre-financiamiento-para-la-biodiversidad","status":"publish","type":"post","link":"https:\/\/economiaconedmer.com\/economiaenserio\/09\/23\/cumbre-sobre-financiamiento-para-la-biodiversidad\/destacados\/2024\/","title":{"rendered":"Sector financiero debe apoyar la biodiversidad"},"content":{"rendered":"\n<p><strong>Bogot\u00e1, 20 de septiembre de 2024<\/strong>. &nbsp;Promover el acercamiento entre el sector financiero y privado con el sector ambiental y las comunidades para lograr acceso a la financiaci\u00f3n de los productos verdes; superar la prevenci\u00f3n del sector financiero para invertir en proyectos de biodiversidad y lograr unos mecanismos de evaluaci\u00f3n del riesgo propios de estos proyectos son algunas de las conclusiones que dej\u00f3 la&nbsp;Cumbre sobre Financiamiento para la Biodiversidad, evento realizado con el apoyo de Expertise France y GIZ y que se llev\u00f3 a cabo en Bogot\u00e1, de cara a la COP16 &nbsp;que se llevar\u00e1 a cabo en Cali en octubre de 2024.<\/p>\n\n\n\n<p>En este evento, organizado por el&nbsp;Ministerio de Ambiente y Desarrollo Sostenible de Colombia, con el apoyo de la&nbsp;Uni\u00f3n Europea&nbsp;a trav\u00e9s de su programa&nbsp;Euroclima&nbsp;y el financiamiento del&nbsp;Ministerio Federal de Cooperaci\u00f3n Econ\u00f3mica y Desarrollo (BMZ)&nbsp;de Alemania, en colaboraci\u00f3n con la&nbsp;GIZ, se identificaron desaf\u00edos y oportunidades para cerrar la brecha de financiamiento a la biodiversidad e incrementar y alinear los flujos de capital con los compromisos del&nbsp;Marco Global de Biodiversidad Kunming-Montreal.<\/p>\n\n\n\n<p>La ministra de Ambiente y Desarrollo Sostenible, Susana Muhamad, inaugur\u00f3 la Cumbre que convoc\u00f3 a l\u00edderes y expertos de Am\u00e9rica Latina en el tema. Durante su intervenci\u00f3n recalc\u00f3 la importancia de revisar los modelos de desarrollo de nuestros pa\u00edses para que pongan la naturaleza en primer lugar: \u201cnecesitamos tener econom\u00edas que no la destruyan, sino que, por el contrario, la conserven y la reproduzcan de manera vital, y buscar formas de financiar esta transici\u00f3n\u201d.<\/p>\n\n\n\n<p>\u201cEsta reuni\u00f3n preparatoria es crucial para abordar esta problem\u00e1tica de fondo desde la perspectiva de un pa\u00eds como Colombia. Tenemos propuestas para esta transici\u00f3n que est\u00e1n sobre la mesa, pero requieren un cambio en el status quo financiero, que no se est\u00e1 dando al ritmo que se necesita por parte de la banca multilateral, los estamentos financieros, los bancos centrales o los ministerios de hacienda, as\u00ed como por la empresa privada, instituciones y organismos que siempre est\u00e1n esperando proyectos bancables, es decir con retorno de inversi\u00f3n\u201d, afirm\u00f3 la Ministra.<\/p>\n\n\n\n<p>Durante el transcurso de la agenda, se presentaron casos de \u00e9xito y estrategias clave de actores del sector p\u00fablico, privado y de la cooperaci\u00f3n internacional, generando recomendaciones de gran valor para los tomadores de decisiones de cara a la&nbsp;COP16.<\/p>\n\n\n\n<p><strong>Compromiso con la biodiversidad<\/strong><\/p>\n\n\n\n<p>Para Murielle Gurtner, Representante de Expertise France para la Regi\u00f3n Andina, Este evento permiti\u00f3 profundizar en dimensiones clave para enfrentar los desaf\u00edos que genera el financiamiento de la conservacion de la biodiversidad, como la movilizaci\u00f3n y sinergia entre los sectores, y la promoci\u00f3n de soluciones concretas con efecto transformador para la naturaleza e impactos positivos para las poblaciones locales, alineadas con la lucha contra el cambio clim\u00e1tico y la desertificaci\u00f3n, en un esp\u00edritu de justicia social.&nbsp;<\/p>\n\n\n\n<p>Entre los temas principales abordados se destacaron: el&nbsp;escenario global&nbsp;de los flujos financieros para la biodiversidad y las necesidades urgentes de movilizaci\u00f3n de recursos, alineaci\u00f3n de los flujos financieros&nbsp;con la acci\u00f3n clim\u00e1tica y la biodiversidad en la regi\u00f3n de Am\u00e9rica Latina y el Caribe y las buenas pr\u00e1cticas del sector financiero&nbsp;para la creaci\u00f3n de productos verdes y la mitigaci\u00f3n de riesgos ambientales.<\/p>\n\n\n\n<p>\u00abEs fundamental escuchar a los expertos que nos acompa\u00f1aron hoy para entender qu\u00e9 est\u00e1 ocurriendo en el \u00e1mbito de la financiaci\u00f3n sostenible y cu\u00e1les son las oportunidades disponibles. En Colombia, hay un aspecto clave relacionado con la terminolog\u00eda y las definiciones, especialmente cuando hablamos de conceptos como la taxonom\u00eda verde. En este sentido, contamos con herramientas que pueden ayudar a gestionar los riesgos de manera aceptable, lo que es clave para atraer inversiones responsables y sostenibles.\u00bb concluy\u00f3 Alberto Menghini, Jefe de Cooperaci\u00f3n de la Delegaci\u00f3n Uni\u00f3n Europea en Colombia.<\/p>\n\n\n\n<p><strong>Financiaci\u00f3n de la biodiversidad<\/strong><br>Las sesiones incluyeron talleres, paneles y plenarias en los que se discutieron temas cruciales como la actualizaci\u00f3n del&nbsp;Plan Nacional de Financiamiento para la Biodiversidad&nbsp;de Colombia, la creaci\u00f3n de&nbsp;taxonom\u00edas financieras&nbsp;y el desarrollo de&nbsp;incentivos positivos&nbsp;para la conservaci\u00f3n de la naturaleza en Am\u00e9rica Latina.<\/p>\n\n\n\n<p>Al final de la jornada se destacaron como resultados la identificaci\u00f3n de instrumentos financieros innovadores para cerrar la brecha en el financiamiento de la biodiversidad, la importancia de aunar esfuerzos y propuestas concretas para fortalecer la cooperaci\u00f3n p\u00fablico-privada y asegurar la distribuci\u00f3n efectiva de beneficios a nivel territorial.<br><br>Este encuentro marc\u00f3 un hito importante en la preparaci\u00f3n para la&nbsp;COP16, que se celebrar\u00e1 en 2024 en Cali, consolidando el compromiso de los pa\u00edses de la regi\u00f3n en la lucha contra el cambio clim\u00e1tico y la p\u00e9rdida de biodiversidad.<\/p>\n","protected":false},"excerpt":{"rendered":"<p>Bogot\u00e1, 20 de septiembre de 2024. &nbsp;Promover el acercamiento entre el sector financiero y privado con el sector ambiental y las comunidades para lograr acceso a la financiaci\u00f3n de los productos verdes; superar la prevenci\u00f3n del sector financiero para invertir en proyectos de biodiversidad y lograr unos mecanismos de evaluaci\u00f3n del riesgo propios de estos&#8230;<\/p>\n","protected":false},"author":5,"featured_media":10834,"comment_status":"closed","ping_status":"closed","sticky":false,"template":"","format":"standard","meta":{"_FSMCFIC_featured_image_caption":"","_FSMCFIC_featured_image_nocaption":"","_FSMCFIC_featured_image_hide":"","footnotes":""},"categories":[21],"tags":[],"class_list":["post-10791","post","type-post","status-publish","format-standard","has-post-thumbnail","hentry","category-destacados"],"_links":{"self":[{"href":"https:\/\/economiaconedmer.com\/economiaenserio\/wp-json\/wp\/v2\/posts\/10791","targetHints":{"allow":["GET"]}}],"collection":[{"href":"https:\/\/economiaconedmer.com\/economiaenserio\/wp-json\/wp\/v2\/posts"}],"about":[{"href":"https:\/\/economiaconedmer.com\/economiaenserio\/wp-json\/wp\/v2\/types\/post"}],"author":[{"embeddable":true,"href":"https:\/\/economiaconedmer.com\/economiaenserio\/wp-json\/wp\/v2\/users\/5"}],"replies":[{"embeddable":true,"href":"https:\/\/economiaconedmer.com\/economiaenserio\/wp-json\/wp\/v2\/comments?post=10791"}],"version-history":[{"count":4,"href":"https:\/\/economiaconedmer.com\/economiaenserio\/wp-json\/wp\/v2\/posts\/10791\/revisions"}],"predecessor-version":[{"id":10796,"href":"https:\/\/economiaconedmer.com\/economiaenserio\/wp-json\/wp\/v2\/posts\/10791\/revisions\/10796"}],"wp:featuredmedia":[{"embeddable":true,"href":"https:\/\/economiaconedmer.com\/economiaenserio\/wp-json\/wp\/v2\/media\/10834"}],"wp:attachment":[{"href":"https:\/\/economiaconedmer.com\/economiaenserio\/wp-json\/wp\/v2\/media?parent=10791"}],"wp:term":[{"taxonomy":"category","embeddable":true,"href":"https:\/\/economiaconedmer.com\/economiaenserio\/wp-json\/wp\/v2\/categories?post=10791"},{"taxonomy":"post_tag","embeddable":true,"href":"https:\/\/economiaconedmer.com\/economiaenserio\/wp-json\/wp\/v2\/tags?post=10791"}],"curies":[{"name":"wp","href":"https:\/\/api.w.org\/{rel}","templated":true}]}}