{"id":10784,"date":"2024-09-23T19:09:55","date_gmt":"2024-09-24T00:09:55","guid":{"rendered":"https:\/\/economiaconedmer.com\/economiaenserio\/?p=10784"},"modified":"2024-09-23T19:12:17","modified_gmt":"2024-09-24T00:12:17","slug":"colaboracion-territorial-clave-en-el-desarrollo-regional-gobernadora-de-sucre","status":"publish","type":"post","link":"https:\/\/economiaconedmer.com\/economiaenserio\/09\/23\/colaboracion-territorial-clave-en-el-desarrollo-regional-gobernadora-de-sucre\/el_resto\/2024\/","title":{"rendered":"Colaboraci\u00f3n territorial, clave en el desarrollo regional: gobernadora de Sucre"},"content":{"rendered":"\n<p>\u201cLa colaboraci\u00f3n entre las administraciones territoriales debe convertirse en un factor determinante para avanzar en el desarrollo de las regiones colombianas, de tal forma que trascendamos de los gobiernos de turno a modelos de desarrollo con visi\u00f3n de largo plazo en los departamentos y municipios colombianos\u201d.<\/p>\n\n\n\n<p>As\u00ed lo plante\u00f3 la gobernadora de Sucre, Lucy Garc\u00eda Montes, durante el acto de presentaci\u00f3n de la Red de Mandatarias Territoriales, que, dicho sea de paso, cuenta con el apoyo del Banco Interamericano de Desarrollo y CAF &#8211; Banco de Desarrollo de Am\u00e9rica Latina.<\/p>\n\n\n\n<p>Al comentar en este evento la presentaci\u00f3n de la presidenta del Consejo Privado de Competitividad, Ana Fernanda Maiguashca, la gobernadora Lucy expres\u00f3 que \u201cjustamente los indicadores que se derivan de las investigaciones e informes de esa instituci\u00f3n, deben adoptarse como herramientas para mejorar la situaci\u00f3n de todas y cada una de las regiones. Esto no se trata de mirar como salimos en el ranking, sino de ir m\u00e1s all\u00e1 y fortalecer las condiciones que permitan un mayor desarrollo socioecon\u00f3mico\u201d.<\/p>\n\n\n\n<p>Adicionalmente, se\u00f1al\u00f3 que los factores de competitividad deben ampliar su radio de acci\u00f3n hacia el sector rural. \u201cPor ejemplo, la mujer rural no tiene las mismas oportunidades que hoy tenemos nosotras. Debemos llegar hasta ellas, prepararlas, formarlas y apoyarlas tambi\u00e9n, porque para que la transformaci\u00f3n sea real, debe ser un esfuerzo conjunto. As\u00ed que, dentro de estas ideas, es fundamental tener esto en cuenta\u201d.<\/p>\n\n\n\n<p>Para hacer efectiva la operatividad de este formato colaborativo, la gobernadora de Sucre recomend\u00f3 a sus colegas del Meta, Rafaela Cort\u00e9s Zambrano, Cesar, Elvia Milena Sanjuan, y Tolima, Adriana Magali Matiz, as\u00ed como a alcaldesas presentes que llegaron desde distintos puntos del pa\u00eds, a \u201cgenerar desde la Red de Mandatarias Territoriales una permanente articulaci\u00f3n, de tal manera que se puedan construir modelos conjuntos de desarrollo, pues, al fin de cuentas son muchas las coincidencias, tanto en problem\u00e1ticas como en oportunidades que existen en medio de la diversidad colombiana\u201d.<\/p>\n\n\n\n<p>As\u00ed mismo, en el marco del evento, la gobernadora interactu\u00f3 durante la presentaci\u00f3n de Mar\u00eda Claudia Lacouture, presidenta de la C\u00e1mara de Comercio Colombo Americana, en el sentido de apoyar su iniciativa para un pacto de oportunidades entre las cuales destac\u00f3 el segmento agr\u00edcola ya que 62% del territorio sucre\u00f1o tiene esa vocaci\u00f3n.&nbsp;<\/p>\n\n\n\n<p>Adem\u00e1s, destac\u00f3 las enormes posibilidades en los renglones de turismo, donde los avances para ampliar el aeropuerto de Tol\u00fa para llevarlo a una condici\u00f3n de internacional ser\u00e1n claves, las energ\u00edas limpias y el potencial para las TICs.<\/p>\n\n\n\n<p>\u201cEstoy segura de que todas podemos aportar y ser innovadoras, utilizando la tecnolog\u00eda y avanzando con firmeza y trabajando de forma colaborativa\u201d, concluy\u00f3 la mandataria sucre\u00f1a.<\/p>\n","protected":false},"excerpt":{"rendered":"<p>\u201cLa colaboraci\u00f3n entre las administraciones territoriales debe convertirse en un factor determinante para avanzar en el desarrollo de las regiones colombianas, de tal forma que trascendamos de los gobiernos de turno a modelos de desarrollo con visi\u00f3n de largo plazo en los departamentos y municipios colombianos\u201d. As\u00ed lo plante\u00f3 la gobernadora de Sucre, Lucy Garc\u00eda&#8230;<\/p>\n","protected":false},"author":5,"featured_media":10786,"comment_status":"closed","ping_status":"closed","sticky":false,"template":"","format":"standard","meta":{"_FSMCFIC_featured_image_caption":"","_FSMCFIC_featured_image_nocaption":"","_FSMCFIC_featured_image_hide":"","footnotes":""},"categories":[22],"tags":[],"class_list":["post-10784","post","type-post","status-publish","format-standard","has-post-thumbnail","hentry","category-el_resto"],"_links":{"self":[{"href":"https:\/\/economiaconedmer.com\/economiaenserio\/wp-json\/wp\/v2\/posts\/10784","targetHints":{"allow":["GET"]}}],"collection":[{"href":"https:\/\/economiaconedmer.com\/economiaenserio\/wp-json\/wp\/v2\/posts"}],"about":[{"href":"https:\/\/economiaconedmer.com\/economiaenserio\/wp-json\/wp\/v2\/types\/post"}],"author":[{"embeddable":true,"href":"https:\/\/economiaconedmer.com\/economiaenserio\/wp-json\/wp\/v2\/users\/5"}],"replies":[{"embeddable":true,"href":"https:\/\/economiaconedmer.com\/economiaenserio\/wp-json\/wp\/v2\/comments?post=10784"}],"version-history":[{"count":1,"href":"https:\/\/economiaconedmer.com\/economiaenserio\/wp-json\/wp\/v2\/posts\/10784\/revisions"}],"predecessor-version":[{"id":10785,"href":"https:\/\/economiaconedmer.com\/economiaenserio\/wp-json\/wp\/v2\/posts\/10784\/revisions\/10785"}],"wp:featuredmedia":[{"embeddable":true,"href":"https:\/\/economiaconedmer.com\/economiaenserio\/wp-json\/wp\/v2\/media\/10786"}],"wp:attachment":[{"href":"https:\/\/economiaconedmer.com\/economiaenserio\/wp-json\/wp\/v2\/media?parent=10784"}],"wp:term":[{"taxonomy":"category","embeddable":true,"href":"https:\/\/economiaconedmer.com\/economiaenserio\/wp-json\/wp\/v2\/categories?post=10784"},{"taxonomy":"post_tag","embeddable":true,"href":"https:\/\/economiaconedmer.com\/economiaenserio\/wp-json\/wp\/v2\/tags?post=10784"}],"curies":[{"name":"wp","href":"https:\/\/api.w.org\/{rel}","templated":true}]}}