{"id":10768,"date":"2024-09-21T07:45:11","date_gmt":"2024-09-21T12:45:11","guid":{"rendered":"https:\/\/economiaconedmer.com\/economiaenserio\/?p=10768"},"modified":"2024-09-21T07:53:50","modified_gmt":"2024-09-21T12:53:50","slug":"feria-de-cafes-especiales-del-2-al-5-de-octubre","status":"publish","type":"post","link":"https:\/\/economiaconedmer.com\/economiaenserio\/09\/21\/feria-de-cafes-especiales-del-2-al-5-de-octubre\/destacados\/2024\/","title":{"rendered":"Feria de caf\u00e9s especiales, del 2 al 5 de octubre"},"content":{"rendered":"\n<p><em><strong>El evento, que se realizar\u00e1 en las instalaciones de Corferias, integra toda la cadena de valor del caf\u00e9. Se trata de un escenario para dar a conocer las tendencias del mercado a nivel nacional e internacional.<\/strong><\/em><\/p>\n\n\n\n<p><strong>Bogot\u00e1, septiembre de 2024. <\/strong>La Federaci\u00f3n Nacional de Cafeteros y Corferias se preparan para la XV edici\u00f3n de Caf\u00e9s de Colombia Expo 2024, la feria de caf\u00e9s especiales m\u00e1s importante del pa\u00eds. Este evento resalta la diversidad y calidad del caf\u00e9 colombiano, visibiliza toda la cadena productiva y se ha convertido en el encuentro m\u00e1s importante para aficionados del caf\u00e9 100% colombiano, reconocido como el mejor caf\u00e9 suave del mundo.<\/p>\n\n\n\n<p>Del 2 al 5 de octubre, Corferias abrir\u00e1 sus puertas a visitantes y amantes del caf\u00e9, quienes tendr\u00e1n la oportunidad de explorar una variedad de sabores, conocer el proceso de producci\u00f3n desde el grano hasta la taza, y degustar diferentes variedades del mejor caf\u00e9 del mundo, guiados por expertos. Adem\u00e1s, los asistentes podr\u00e1n disfrutar de precios especiales y descubrir nuevas formas de consumo.<\/p>\n\n\n\n<p>Tambi\u00e9n participar\u00e1n agentes que hacen parte de la cadena de valor como directivos, profesionales, catadores, productores, tostadores, comercializadores, exportadores y otros. Habr\u00e1 un espacio comercial que incluir\u00e1 110 expositores, con el fin de generar interacciones enriquecedoras que fortalezcan la red de contactos dentro de la industria.<\/p>\n\n\n\n<p>Germ\u00e1n Baham\u00f3n, Gerente General de la Federaci\u00f3n Nacional de Cafeteros, afirma: \u00abCaf\u00e9s de Colombia Expo 2024 es una plataforma fundamental para destacar la excelencia de nuestro caf\u00e9 y el compromiso de nuestros caficultores. Este evento no solo es una vitrina para las variedades y calidades que posicionan a Colombia como l\u00edder mundial, sino tambi\u00e9n un espacio para compartir conocimientos y experiencias. En esta nueva edici\u00f3n, reafirmamos nuestro compromiso con la sostenibilidad y la innovaci\u00f3n, impulsando la industria cafetera hacia un futuro pr\u00f3spero\u00bb.<\/p>\n\n\n\n<p>Andr\u00e9s L\u00f3pez Valderrama, presidente ejecutivo de Corferias, a\u00f1ade: \u00abCaf\u00e9s de Colombia Expo 2024 es un escenario donde la tradici\u00f3n se encuentra con la innovaci\u00f3n, generando alianzas estrat\u00e9gicas que impulsan el crecimiento econ\u00f3mico y la proyecci\u00f3n internacional de nuestro caf\u00e9. Corferias se enorgullece de ser el anfitri\u00f3n de un evento que refleja el esp\u00edritu y la calidad de Colombia en cada taza\u00bb.<\/p>\n\n\n\n<p><strong>Actividades destacadas de la feria:<\/strong><\/p>\n\n\n\n<ul class=\"wp-block-list\">\n<li>Este a\u00f1o, en el marco de la IX edici\u00f3n del concurso <strong>\u00abColombia Tierra de Diversidad\u00bb,<\/strong> se llevar\u00e1 a cabo <strong>una subasta que busca conectar a los caficultores del pa\u00eds con los compradores m\u00e1s importantes a nivel nacional e internacional<\/strong>, aumentando as\u00ed los ingresos de los caficultores a trav\u00e9s de la calidad y diferenciaci\u00f3n de su caf\u00e9.<\/li>\n<\/ul>\n\n\n\n<ul class=\"wp-block-list\">\n<li>Adem\u00e1s, se realizar\u00e1 <strong>el XVIII Campeonato Nacional de Barismo<\/strong>, donde se reconocer\u00e1n a los mejores baristas de Colombia, quienes competir\u00e1n por la oportunidad de representar al pa\u00eds en el Campeonato Mundial de Baristas.<\/li>\n<\/ul>\n\n\n\n<ul class=\"wp-block-list\">\n<li>Por \u00faltimo, se celebrar\u00e1 el <strong>II Campeonato Colombiano de Tostadores<\/strong>, donde los competidores ser\u00e1n evaluados por la calidad del caf\u00e9 verde y el desarrollo de un perfil de tostado que maximice las caracter\u00edsticas deseables del caf\u00e9.<\/li>\n<\/ul>\n\n\n\n<ul class=\"wp-block-list\">\n<li>Para m\u00e1s informaci\u00f3n sobre actividades, boleter\u00eda, expositores y noticias de la feria, <strong>visite la p\u00e1gina oficial en cafesdecolombiaexpo.com<\/strong>. Caf\u00e9s de Colombia Expo forma parte de Econexia, la comunidad digital de conexiones y negocios de Corferias en su ecosistema de agroindustria y alimentos.<\/li>\n<\/ul>\n","protected":false},"excerpt":{"rendered":"<p>El evento, que se realizar\u00e1 en las instalaciones de Corferias, integra toda la cadena de valor del caf\u00e9. Se trata de un escenario para dar a conocer las tendencias del mercado a nivel nacional e internacional. Bogot\u00e1, septiembre de 2024. La Federaci\u00f3n Nacional de Cafeteros y Corferias se preparan para la XV edici\u00f3n de Caf\u00e9s&#8230;<\/p>\n","protected":false},"author":5,"featured_media":0,"comment_status":"closed","ping_status":"closed","sticky":false,"template":"","format":"standard","meta":{"_FSMCFIC_featured_image_caption":"","_FSMCFIC_featured_image_nocaption":"","_FSMCFIC_featured_image_hide":"","footnotes":""},"categories":[21],"tags":[],"class_list":["post-10768","post","type-post","status-publish","format-standard","hentry","category-destacados"],"_links":{"self":[{"href":"https:\/\/economiaconedmer.com\/economiaenserio\/wp-json\/wp\/v2\/posts\/10768","targetHints":{"allow":["GET"]}}],"collection":[{"href":"https:\/\/economiaconedmer.com\/economiaenserio\/wp-json\/wp\/v2\/posts"}],"about":[{"href":"https:\/\/economiaconedmer.com\/economiaenserio\/wp-json\/wp\/v2\/types\/post"}],"author":[{"embeddable":true,"href":"https:\/\/economiaconedmer.com\/economiaenserio\/wp-json\/wp\/v2\/users\/5"}],"replies":[{"embeddable":true,"href":"https:\/\/economiaconedmer.com\/economiaenserio\/wp-json\/wp\/v2\/comments?post=10768"}],"version-history":[{"count":1,"href":"https:\/\/economiaconedmer.com\/economiaenserio\/wp-json\/wp\/v2\/posts\/10768\/revisions"}],"predecessor-version":[{"id":10769,"href":"https:\/\/economiaconedmer.com\/economiaenserio\/wp-json\/wp\/v2\/posts\/10768\/revisions\/10769"}],"wp:attachment":[{"href":"https:\/\/economiaconedmer.com\/economiaenserio\/wp-json\/wp\/v2\/media?parent=10768"}],"wp:term":[{"taxonomy":"category","embeddable":true,"href":"https:\/\/economiaconedmer.com\/economiaenserio\/wp-json\/wp\/v2\/categories?post=10768"},{"taxonomy":"post_tag","embeddable":true,"href":"https:\/\/economiaconedmer.com\/economiaenserio\/wp-json\/wp\/v2\/tags?post=10768"}],"curies":[{"name":"wp","href":"https:\/\/api.w.org\/{rel}","templated":true}]}}