{"id":10711,"date":"2024-09-18T19:43:54","date_gmt":"2024-09-19T00:43:54","guid":{"rendered":"https:\/\/economiaconedmer.com\/economiaenserio\/?p=10711"},"modified":"2024-09-18T19:46:31","modified_gmt":"2024-09-19T00:46:31","slug":"lideres-del-grupo-aval-entre-los-500-mas-influyentes-de-a-latina","status":"publish","type":"post","link":"https:\/\/economiaconedmer.com\/economiaenserio\/09\/18\/lideres-del-grupo-aval-entre-los-500-mas-influyentes-de-a-latina\/el_resto\/2024\/","title":{"rendered":"Cinco l\u00edderes del Grupo Aval, entre los 500 m\u00e1s influyentes de Am\u00e9rica Latina"},"content":{"rendered":"\n<p><strong>&nbsp;<em>Ellos son: Luis Carlos Sarmiento Guti\u00e9rrez, Presidente de la Junta Directiva de Grupo Aval; Mar\u00eda Lorena Guti\u00e9rrez, Presidente de Grupo Aval;&nbsp;Ana Margarita Albir, presidente de ADL Digital Lab;&nbsp;Ana Milena L\u00f3pez Rocha, presidente de Corficolombiana;&nbsp;Isabel Cristina Mart\u00ednez, por su rol c\u00f3mo&nbsp;Vicepresidente de Sostenibilidad y Servicios Corporativos de Banco de Bogot\u00e1<\/em><\/strong><em>.&nbsp;<\/em><\/p>\n\n\n\n<p><strong>Bogot\u00e1, septiembre de 2024 \u2013&nbsp;<\/strong>De acuerdo con el listado publicado por Bloomberg en L\u00ednea&nbsp;<em>\u201c<\/em><em>Las&nbsp;500 personas m\u00e1s influyentes de Am\u00e9rica Latina en 2024\u201d,&nbsp;<\/em>donde se destaca la trayectoria de las personalidades de la regi\u00f3n que a partir de su influencia y liderazgo en diferentes disciplinas generaron un impacto en sus pa\u00edses.&nbsp;<\/p>\n\n\n\n<p>Hoy cinco l\u00edderes de Grupo Aval hacen parte de este importante listado, adem\u00e1s del Presidente de la Junta Directiva, Luis Carlos Sarmiento Guti\u00e9rrez, se destaca el rol de tres mujeres l\u00edderes: Mar\u00eda Lorena Guti\u00e9rrez, Presidente de Grupo Aval;&nbsp;Ana Margarita Albir, presidente de ADL Digital Lab; Ana Milena L\u00f3pez Rocha, presidente de Corficolombiana;&nbsp;Isabel Cristina Mart\u00ednez, por su rol c\u00f3mo&nbsp;Vicepresidente de Sostenibilidad y Servicios Corporativos de Banco de Bogot\u00e1, lo que refuerza la gran apuesta que tiene el conglomerado financiero por el liderazgo femenino dentro de su Pol\u00edtica Corporativa de Inclusi\u00f3n y Diversidad. Cabe resaltar, que este es uno de los grupos empresariales con mayor representatividad de mujeres en Am\u00e9rica Latina en el listado.&nbsp;<\/p>\n\n\n\n<p><em>\u201cNos llenan de satisfacci\u00f3n estos reconocimientos que reflejan el compromiso del grupo&nbsp;en el desarrollo de l\u00edderes que influyan positivamente y trabajen por el pa\u00eds, generando ideas, iniciativas e inversiones responsables y sostenibles que generan un cambio social y ambiental real. Adem\u00e1s, reafirma nuestra convicci\u00f3n de promover oportunidades en torno a la diversidad, la equidad y la inclusi\u00f3n en todos los frentes de la organizaci\u00f3n\u201d&nbsp;<\/em>comenta&nbsp;<strong>Mar\u00eda Lorena Guti\u00e9rrez Botero, Presidente Grupo Aval.<\/strong><\/p>\n","protected":false},"excerpt":{"rendered":"<p>&nbsp;Ellos son: Luis Carlos Sarmiento Guti\u00e9rrez, Presidente de la Junta Directiva de Grupo Aval; Mar\u00eda Lorena Guti\u00e9rrez, Presidente de Grupo Aval;&nbsp;Ana Margarita Albir, presidente de ADL Digital Lab;&nbsp;Ana Milena L\u00f3pez Rocha, presidente de Corficolombiana;&nbsp;Isabel Cristina Mart\u00ednez, por su rol c\u00f3mo&nbsp;Vicepresidente de Sostenibilidad y Servicios Corporativos de Banco de Bogot\u00e1.&nbsp; Bogot\u00e1, septiembre de 2024 \u2013&nbsp;De acuerdo&#8230;<\/p>\n","protected":false},"author":5,"featured_media":10715,"comment_status":"closed","ping_status":"closed","sticky":false,"template":"","format":"standard","meta":{"_FSMCFIC_featured_image_caption":"","_FSMCFIC_featured_image_nocaption":"","_FSMCFIC_featured_image_hide":"","footnotes":""},"categories":[22],"tags":[],"class_list":["post-10711","post","type-post","status-publish","format-standard","has-post-thumbnail","hentry","category-el_resto"],"_links":{"self":[{"href":"https:\/\/economiaconedmer.com\/economiaenserio\/wp-json\/wp\/v2\/posts\/10711","targetHints":{"allow":["GET"]}}],"collection":[{"href":"https:\/\/economiaconedmer.com\/economiaenserio\/wp-json\/wp\/v2\/posts"}],"about":[{"href":"https:\/\/economiaconedmer.com\/economiaenserio\/wp-json\/wp\/v2\/types\/post"}],"author":[{"embeddable":true,"href":"https:\/\/economiaconedmer.com\/economiaenserio\/wp-json\/wp\/v2\/users\/5"}],"replies":[{"embeddable":true,"href":"https:\/\/economiaconedmer.com\/economiaenserio\/wp-json\/wp\/v2\/comments?post=10711"}],"version-history":[{"count":4,"href":"https:\/\/economiaconedmer.com\/economiaenserio\/wp-json\/wp\/v2\/posts\/10711\/revisions"}],"predecessor-version":[{"id":10716,"href":"https:\/\/economiaconedmer.com\/economiaenserio\/wp-json\/wp\/v2\/posts\/10711\/revisions\/10716"}],"wp:featuredmedia":[{"embeddable":true,"href":"https:\/\/economiaconedmer.com\/economiaenserio\/wp-json\/wp\/v2\/media\/10715"}],"wp:attachment":[{"href":"https:\/\/economiaconedmer.com\/economiaenserio\/wp-json\/wp\/v2\/media?parent=10711"}],"wp:term":[{"taxonomy":"category","embeddable":true,"href":"https:\/\/economiaconedmer.com\/economiaenserio\/wp-json\/wp\/v2\/categories?post=10711"},{"taxonomy":"post_tag","embeddable":true,"href":"https:\/\/economiaconedmer.com\/economiaenserio\/wp-json\/wp\/v2\/tags?post=10711"}],"curies":[{"name":"wp","href":"https:\/\/api.w.org\/{rel}","templated":true}]}}