{"id":10547,"date":"2024-09-12T18:29:22","date_gmt":"2024-09-12T23:29:22","guid":{"rendered":"https:\/\/economiaconedmer.com\/economiaenserio\/?p=10547"},"modified":"2024-09-12T18:36:01","modified_gmt":"2024-09-12T23:36:01","slug":"en-operacion-primera-granja-de-energia-solar-en-narino","status":"publish","type":"post","link":"https:\/\/economiaconedmer.com\/economiaenserio\/09\/12\/en-operacion-primera-granja-de-energia-solar-en-narino\/el_resto\/2024\/","title":{"rendered":"En operaci\u00f3n, la primera granja de energ\u00eda solar en Nari\u00f1o"},"content":{"rendered":"\n<p><strong>Bogot\u00e1, agosto de 2024. <\/strong>Evolti, una empresa nari\u00f1ense l\u00edder en el sector de la energ\u00eda renovable en Colombia, anuncia que desde el pasado 27 de agosto entr\u00f3 en operaci\u00f3n Naos 1, la primera&nbsp; granja de energ\u00eda solar en Nari\u00f1o.<\/p>\n\n\n\n<p>Este proyecto, ubicado en el corregimiento del Remolino en el municipio de Taminango, generar\u00e1 6.000 kWh diarios, suficientes para abastecer el consumo equivalente de 1.000 viviendas. Adem\u00e1s, evitar\u00e1 la emisi\u00f3n de 346 toneladas de CO2, lo que se compara a la cantidad que absorben 16.133 \u00e1rboles o a retirar 74 autom\u00f3viles de circulaci\u00f3n durante un a\u00f1o.<\/p>\n\n\n\n<p>Es importante destacar que esta es una de las 12 mini granjas solares que se encuentra en operaci\u00f3n a nivel nacional lo que podr\u00eda ayudar a mitigar los efectos de fen\u00f3menos como El Ni\u00f1o, que ha afectado la disponibilidad de energ\u00eda en el pa\u00eds.<\/p>\n\n\n\n<p>Adem\u00e1s, este proyecto est\u00e1 equipado con avanzados sistemas de monitoreo remoto, que permiten medir en tiempo real la producci\u00f3n de energ\u00eda y la eficiencia. Asimismo, cuenta con un plan de manejo ambiental y de residuos que asegura una gesti\u00f3n adecuada de cualquier impacto que el proyecto pueda generar en su entorno.<\/p>\n\n\n\n<p><em>\u201cCon el aumento de las tarifas de energ\u00eda, las sequ\u00edas y los desaf\u00edos persistentes en el sector energ\u00e9tico, la puesta en marcha de Naos 1 llega en un momento crucial para aliviar estas presiones. Este proyecto no solo contribuir\u00e1 a diversificar las fuentes de energ\u00eda, sino que tambi\u00e9n aliviar\u00e1 las cargas energ\u00e9ticas de la regi\u00f3n. Adem\u00e1s, el gobierno est\u00e1 promoviendo estos tipos de iniciativas a trav\u00e9s de incentivos, lo que demuestra un compromiso claro con el desarrollo sostenible y la estabilidad energ\u00e9tica del pa\u00eds.\u201d <\/em>manifest\u00f3 Juan Manuel Espa\u00f1a, director ejecutivo de Evolti.<\/p>\n\n\n\n<figure class=\"wp-block-image size-large\"><img loading=\"lazy\" decoding=\"async\" width=\"300\" height=\"225\" src=\"https:\/\/economiaconedmer.com\/economiaenserio\/wp-content\/uploads\/2024\/09\/personaje-solar-300x225.jpeg\" alt=\"\" class=\"wp-image-10552\" srcset=\"https:\/\/economiaconedmer.com\/economiaenserio\/wp-content\/uploads\/2024\/09\/personaje-solar-300x225.jpeg 300w, https:\/\/economiaconedmer.com\/economiaenserio\/wp-content\/uploads\/2024\/09\/personaje-solar-250x188.jpeg 250w, https:\/\/economiaconedmer.com\/economiaenserio\/wp-content\/uploads\/2024\/09\/personaje-solar-768x576.jpeg 768w, https:\/\/economiaconedmer.com\/economiaenserio\/wp-content\/uploads\/2024\/09\/personaje-solar.jpeg 1080w\" sizes=\"auto, (max-width: 300px) 100vw, 300px\" \/><\/figure>\n\n\n\n<p>Aparte de los beneficios ambientales, la entrada en operaci\u00f3n de estas granjas solares tiene un impacto positivo en la red el\u00e9ctrica local al reducir las p\u00e9rdidas de energ\u00eda y aumentar la autonom\u00eda energ\u00e9tica en las comunidades. Asimismo, contribuyen a disminuir la congesti\u00f3n en las redes de transmisi\u00f3n, un aspecto crucial para Colombia, especialmente considerando que muchos de los grandes proyectos de generaci\u00f3n renovable est\u00e1n detenidos debido a la lenta expansi\u00f3n de estas redes.<\/p>\n\n\n\n<p>La empresa tambi\u00e9n anunci\u00f3 que a partir de septiembre, iniciar\u00e1 una serie de talleres de sensibilizaci\u00f3n para la comunidad local. Estos talleres incluir\u00e1n actividades educativas para los estudiantes de la zona, con el objetivo de promover una mayor comprensi\u00f3n sobre la importancia de la energ\u00eda renovable y la conservaci\u00f3n del medio ambiente.<\/p>\n\n\n\n<p>En cuanto a las siguientes fases del proyecto, la construcci\u00f3n de la segunda granja, Naos 2, comenz\u00f3 en junio de 2024, seguida de Naos 3, cuya construcci\u00f3n inici\u00f3 en julio. La cuarta granja, Delta 1, &nbsp;est\u00e1 programada para comenzar su construcci\u00f3n el 15 de septiembre.<\/p>\n\n\n\n<p>Finalmente, el director de Evolti destac\u00f3 el apoyo de importantes empresarios, principalmente nari\u00f1enses, cuyo respaldo fue crucial para llevar adelante este proyecto. Tambi\u00e9n subray\u00f3 el papel de CEDENAR, que fue un aliado clave para conectar exitosamente la granja al sistema de distribuci\u00f3n.<\/p>\n","protected":false},"excerpt":{"rendered":"<p>Bogot\u00e1, agosto de 2024. Evolti, una empresa nari\u00f1ense l\u00edder en el sector de la energ\u00eda renovable en Colombia, anuncia que desde el pasado 27 de agosto entr\u00f3 en operaci\u00f3n Naos 1, la primera&nbsp; granja de energ\u00eda solar en Nari\u00f1o. Este proyecto, ubicado en el corregimiento del Remolino en el municipio de Taminango, generar\u00e1 6.000 kWh&#8230;<\/p>\n","protected":false},"author":5,"featured_media":10550,"comment_status":"closed","ping_status":"closed","sticky":false,"template":"","format":"standard","meta":{"_FSMCFIC_featured_image_caption":"","_FSMCFIC_featured_image_nocaption":"","_FSMCFIC_featured_image_hide":"","footnotes":""},"categories":[22],"tags":[],"class_list":["post-10547","post","type-post","status-publish","format-standard","has-post-thumbnail","hentry","category-el_resto"],"_links":{"self":[{"href":"https:\/\/economiaconedmer.com\/economiaenserio\/wp-json\/wp\/v2\/posts\/10547","targetHints":{"allow":["GET"]}}],"collection":[{"href":"https:\/\/economiaconedmer.com\/economiaenserio\/wp-json\/wp\/v2\/posts"}],"about":[{"href":"https:\/\/economiaconedmer.com\/economiaenserio\/wp-json\/wp\/v2\/types\/post"}],"author":[{"embeddable":true,"href":"https:\/\/economiaconedmer.com\/economiaenserio\/wp-json\/wp\/v2\/users\/5"}],"replies":[{"embeddable":true,"href":"https:\/\/economiaconedmer.com\/economiaenserio\/wp-json\/wp\/v2\/comments?post=10547"}],"version-history":[{"count":3,"href":"https:\/\/economiaconedmer.com\/economiaenserio\/wp-json\/wp\/v2\/posts\/10547\/revisions"}],"predecessor-version":[{"id":10553,"href":"https:\/\/economiaconedmer.com\/economiaenserio\/wp-json\/wp\/v2\/posts\/10547\/revisions\/10553"}],"wp:featuredmedia":[{"embeddable":true,"href":"https:\/\/economiaconedmer.com\/economiaenserio\/wp-json\/wp\/v2\/media\/10550"}],"wp:attachment":[{"href":"https:\/\/economiaconedmer.com\/economiaenserio\/wp-json\/wp\/v2\/media?parent=10547"}],"wp:term":[{"taxonomy":"category","embeddable":true,"href":"https:\/\/economiaconedmer.com\/economiaenserio\/wp-json\/wp\/v2\/categories?post=10547"},{"taxonomy":"post_tag","embeddable":true,"href":"https:\/\/economiaconedmer.com\/economiaenserio\/wp-json\/wp\/v2\/tags?post=10547"}],"curies":[{"name":"wp","href":"https:\/\/api.w.org\/{rel}","templated":true}]}}