{"id":10529,"date":"2024-09-11T20:45:23","date_gmt":"2024-09-12T01:45:23","guid":{"rendered":"https:\/\/economiaconedmer.com\/economiaenserio\/?p=10529"},"modified":"2024-09-11T20:50:21","modified_gmt":"2024-09-12T01:50:21","slug":"censo-economico-sale-a-contar-la-economia-de-colombia","status":"publish","type":"post","link":"https:\/\/economiaconedmer.com\/economiaenserio\/09\/11\/censo-economico-sale-a-contar-la-economia-de-colombia\/el_resto\/2024\/","title":{"rendered":"Censo Econ\u00f3mico sale a contar la econom\u00eda de Colombia"},"content":{"rendered":"\n<p>La directora del Dane, B. Piedad Urdinola C., present\u00f3 en Cartagena los avances del Censo<br>Econ\u00f3mico Nacional Urbano (Cenu) 2024 y de la actual fase de Barrido, en la que participan 8.000<br>personas entre censistas y supervisores para continuar con el operativo censal m\u00e1s importante de<br>los \u00faltimos a\u00f1os para la entidad y el pa\u00eds.<br>Con el Cenu se llegar\u00e1 a cerca de 3\u2019500.000 establecimientos y vendedores de calle. Se eligi\u00f3 a<br>Cartagena como escenario para dar inicio al Barrido y continuar con el Cenu 2024 pues en esta<br>ciudad el peso de la econom\u00eda popular es importante.<br>\u201cEl sector de Bazurto, ubicado en el centro de Cartagena y con presencia de econom\u00eda formal e<br>informal, es representativo pues no solo abastece de alimentos frescos, sino que genera miles de<br>empleos, dinamizando sectores como el transporte y la industria alimentaria; es un motor clave<br>para el desarrollo econ\u00f3mico local\u201d, destac\u00f3 Urdinola, al presentar los avances del Cenu y dar<br>inicio a la etapa del Cenu en la que Colombia ver\u00e1 los censistas recorriendo las calles del pa\u00eds.<\/p>\n\n\n\n<p>\u201cEl sector de Peque\u00f1a, Mediana y Gran Empresa inici\u00f3 su operativo de recolecci\u00f3n este mes, con<br>30.000 empresas de la industria manufacturera, el comercio y los servicios que responder\u00e1n el<br>cuestionario digital\u201d, agreg\u00f3 la directora de la entidad.<\/p>\n","protected":false},"excerpt":{"rendered":"<p>La directora del Dane, B. Piedad Urdinola C., present\u00f3 en Cartagena los avances del CensoEcon\u00f3mico Nacional Urbano (Cenu) 2024 y de la actual fase de Barrido, en la que participan 8.000personas entre censistas y supervisores para continuar con el operativo censal m\u00e1s importante delos \u00faltimos a\u00f1os para la entidad y el pa\u00eds.Con el Cenu se&#8230;<\/p>\n","protected":false},"author":5,"featured_media":10531,"comment_status":"closed","ping_status":"closed","sticky":false,"template":"","format":"standard","meta":{"_FSMCFIC_featured_image_caption":"","_FSMCFIC_featured_image_nocaption":"","_FSMCFIC_featured_image_hide":"","footnotes":""},"categories":[22],"tags":[],"class_list":["post-10529","post","type-post","status-publish","format-standard","has-post-thumbnail","hentry","category-el_resto"],"_links":{"self":[{"href":"https:\/\/economiaconedmer.com\/economiaenserio\/wp-json\/wp\/v2\/posts\/10529","targetHints":{"allow":["GET"]}}],"collection":[{"href":"https:\/\/economiaconedmer.com\/economiaenserio\/wp-json\/wp\/v2\/posts"}],"about":[{"href":"https:\/\/economiaconedmer.com\/economiaenserio\/wp-json\/wp\/v2\/types\/post"}],"author":[{"embeddable":true,"href":"https:\/\/economiaconedmer.com\/economiaenserio\/wp-json\/wp\/v2\/users\/5"}],"replies":[{"embeddable":true,"href":"https:\/\/economiaconedmer.com\/economiaenserio\/wp-json\/wp\/v2\/comments?post=10529"}],"version-history":[{"count":1,"href":"https:\/\/economiaconedmer.com\/economiaenserio\/wp-json\/wp\/v2\/posts\/10529\/revisions"}],"predecessor-version":[{"id":10530,"href":"https:\/\/economiaconedmer.com\/economiaenserio\/wp-json\/wp\/v2\/posts\/10529\/revisions\/10530"}],"wp:featuredmedia":[{"embeddable":true,"href":"https:\/\/economiaconedmer.com\/economiaenserio\/wp-json\/wp\/v2\/media\/10531"}],"wp:attachment":[{"href":"https:\/\/economiaconedmer.com\/economiaenserio\/wp-json\/wp\/v2\/media?parent=10529"}],"wp:term":[{"taxonomy":"category","embeddable":true,"href":"https:\/\/economiaconedmer.com\/economiaenserio\/wp-json\/wp\/v2\/categories?post=10529"},{"taxonomy":"post_tag","embeddable":true,"href":"https:\/\/economiaconedmer.com\/economiaenserio\/wp-json\/wp\/v2\/tags?post=10529"}],"curies":[{"name":"wp","href":"https:\/\/api.w.org\/{rel}","templated":true}]}}