{"id":10435,"date":"2024-09-07T07:47:16","date_gmt":"2024-09-07T12:47:16","guid":{"rendered":"https:\/\/economiaconedmer.com\/economiaenserio\/?p=10435"},"modified":"2024-09-08T20:38:54","modified_gmt":"2024-09-09T01:38:54","slug":"inflacion-de-0-en-agosto-en-colmbia","status":"publish","type":"post","link":"https:\/\/economiaconedmer.com\/economiaenserio\/09\/07\/inflacion-de-0-en-agosto-en-colmbia\/el_bolsillo\/2024\/","title":{"rendered":"Inflaci\u00f3n de agosto pasado fue de 0%, en Colombia"},"content":{"rendered":"\n<p><strong>Bogot\u00e1, agosto 6 de 2024. <\/strong>Agosto fue un buen mes para el bolsillo de los consumidores en Colombia. La inflaci\u00f3n no subi\u00f3 en este periodo, lo que indica que, en promedio, los precios de los productos de la canasta familiar se estabilizaron, en comparaci\u00f3n con los registrados en el miso mes del a\u00f1o pasado.<\/p>\n\n\n\n<p>Este resultado podr\u00eda mejorar la perspectiva de la econom\u00eda para lo que resta del 2024 y los pron\u00f3sticos de su comportamiento en 2025, ya que el Banco de la Rep\u00fablica tiene abierta la puerta para seguir reduciendo su tasa de inter\u00e9s de referencia, que hoy se encuentra en 10,75%.<\/p>\n\n\n\n<p>Con el dato de agosto, revelado por el Dane, la inflaci\u00f3n acumulada en Colombia en los \u00faltimos 12 meses se ubica en 6,12%, es decir, 5,31 puntos porcentuales por debajo de la registrada un a\u00f1o atr\u00e1s, cuando se encontraba en 11,43%.<\/p>\n\n\n\n<p>El estancamiento de la inflaci\u00f3n es una buena noticia para los hogares colombianos, pues con ello se genera un c\u00edrculo virtuoso de grandes beneficios para el pa\u00eds: si los precios de los productos de la canasta familiar bajan, tambi\u00e9n disminuyen las tasas de inter\u00e9s, la econom\u00eda crece, se genera empleo, el precio del d\u00f3lar cede o se estabiliza, se recuperan la demanda, el cr\u00e9dito, la construcci\u00f3n, la industria, el comercio y el turismo, entre otras actividades.<\/p>\n\n\n\n<p>Vale la pena aclarar, que en la inflaci\u00f3n de agosto no se reflej\u00f3 el efecto del desabastecimiento de productos generado por el reciente paro de los camioneros, ya que la protesta inici\u00f3 cuando faltaban dos d\u00edas para terminar el mes pasado. <\/p>\n\n\n\n<p>Sin embargo, este hecho traslada a septiembre la expectativa sobre lo que pueda suceder con la inflaci\u00f3n, debido al impacto de los transportadores de carga. A\u00fan as\u00ed, todo indica que la incidencia no ser\u00e1 significativa, ya que muchos de los alimentos que estuvieron represados en las v\u00edas, que se encarecieron por desabastecimiento, una vez se levant\u00f3 la protesta, pudieron ingresar a las ciudades, y generaron bajas de precios por sobreoferta. De esta manera, habr\u00e1 una compensaci\u00f3n parcial frente a los incrementos temporales propiciados por la escasez.<\/p>\n\n\n\n<p><strong>Dulces, lo amargo de la inflaci\u00f3n de agosto<\/strong><\/p>\n\n\n\n<p><\/p>\n\n\n\n<p>La inflaci\u00f3n registrada en los \u00faltimos 12 meses (6,12%) fue impulsado por los costos del alojamiento, agua, electricidad, gas, otros combustibles, restaurantes y hoteles.<\/p>\n\n\n\n<figure class=\"wp-block-image size-large is-resized\"><img loading=\"lazy\" decoding=\"async\" src=\"https:\/\/economiaconedmer.com\/economiaenserio\/wp-content\/uploads\/2024\/09\/IPC-por-sectores-300x171.png\" alt=\"\" class=\"wp-image-10444\" width=\"337\" height=\"192\" srcset=\"https:\/\/economiaconedmer.com\/economiaenserio\/wp-content\/uploads\/2024\/09\/IPC-por-sectores-300x171.png 300w, https:\/\/economiaconedmer.com\/economiaenserio\/wp-content\/uploads\/2024\/09\/IPC-por-sectores-250x143.png 250w, https:\/\/economiaconedmer.com\/economiaenserio\/wp-content\/uploads\/2024\/09\/IPC-por-sectores-768x439.png 768w, https:\/\/economiaconedmer.com\/economiaenserio\/wp-content\/uploads\/2024\/09\/IPC-por-sectores.png 1021w\" sizes=\"auto, (max-width: 337px) 100vw, 337px\" \/><\/figure>\n\n\n\n<figure class=\"wp-block-image size-large is-resized\"><img loading=\"lazy\" decoding=\"async\" src=\"https:\/\/economiaconedmer.com\/economiaenserio\/wp-content\/uploads\/2024\/09\/IPC-AGOSTO-CIUDADES-300x166.png\" alt=\"\" class=\"wp-image-10436\" width=\"356\" height=\"197\" srcset=\"https:\/\/economiaconedmer.com\/economiaenserio\/wp-content\/uploads\/2024\/09\/IPC-AGOSTO-CIUDADES-300x166.png 300w, https:\/\/economiaconedmer.com\/economiaenserio\/wp-content\/uploads\/2024\/09\/IPC-AGOSTO-CIUDADES-250x139.png 250w, https:\/\/economiaconedmer.com\/economiaenserio\/wp-content\/uploads\/2024\/09\/IPC-AGOSTO-CIUDADES-768x426.png 768w, https:\/\/economiaconedmer.com\/economiaenserio\/wp-content\/uploads\/2024\/09\/IPC-AGOSTO-CIUDADES.png 1234w\" sizes=\"auto, (max-width: 356px) 100vw, 356px\" \/><\/figure>\n\n\n\n<p>L ciudad donde m\u00e1s subieron los precios en agosto fue Florencia, con un incremento de 0,46%, seguido de Bucaramanga, Valledupar y C\u00facuta. Por el contrario, en Tunja, Santa Marta, Villavicencio, Medell\u00edn y Neiva, la inflaci\u00f3n de agosto fue negativa, es decir, que el costo de vida baj\u00f3 en ese periodo.<\/p>\n\n\n\n<p><\/p>\n","protected":false},"excerpt":{"rendered":"<p>Bogot\u00e1, agosto 6 de 2024. Agosto fue un buen mes para el bolsillo de los consumidores en Colombia. La inflaci\u00f3n no subi\u00f3 en este periodo, lo que indica que, en promedio, los precios de los productos de la canasta familiar se estabilizaron, en comparaci\u00f3n con los registrados en el miso mes del a\u00f1o pasado. Este&#8230;<\/p>\n","protected":false},"author":5,"featured_media":10448,"comment_status":"closed","ping_status":"closed","sticky":false,"template":"","format":"standard","meta":{"_FSMCFIC_featured_image_caption":"","_FSMCFIC_featured_image_nocaption":"","_FSMCFIC_featured_image_hide":"","footnotes":""},"categories":[2],"tags":[],"class_list":["post-10435","post","type-post","status-publish","format-standard","has-post-thumbnail","hentry","category-el_bolsillo"],"_links":{"self":[{"href":"https:\/\/economiaconedmer.com\/economiaenserio\/wp-json\/wp\/v2\/posts\/10435","targetHints":{"allow":["GET"]}}],"collection":[{"href":"https:\/\/economiaconedmer.com\/economiaenserio\/wp-json\/wp\/v2\/posts"}],"about":[{"href":"https:\/\/economiaconedmer.com\/economiaenserio\/wp-json\/wp\/v2\/types\/post"}],"author":[{"embeddable":true,"href":"https:\/\/economiaconedmer.com\/economiaenserio\/wp-json\/wp\/v2\/users\/5"}],"replies":[{"embeddable":true,"href":"https:\/\/economiaconedmer.com\/economiaenserio\/wp-json\/wp\/v2\/comments?post=10435"}],"version-history":[{"count":7,"href":"https:\/\/economiaconedmer.com\/economiaenserio\/wp-json\/wp\/v2\/posts\/10435\/revisions"}],"predecessor-version":[{"id":10458,"href":"https:\/\/economiaconedmer.com\/economiaenserio\/wp-json\/wp\/v2\/posts\/10435\/revisions\/10458"}],"wp:featuredmedia":[{"embeddable":true,"href":"https:\/\/economiaconedmer.com\/economiaenserio\/wp-json\/wp\/v2\/media\/10448"}],"wp:attachment":[{"href":"https:\/\/economiaconedmer.com\/economiaenserio\/wp-json\/wp\/v2\/media?parent=10435"}],"wp:term":[{"taxonomy":"category","embeddable":true,"href":"https:\/\/economiaconedmer.com\/economiaenserio\/wp-json\/wp\/v2\/categories?post=10435"},{"taxonomy":"post_tag","embeddable":true,"href":"https:\/\/economiaconedmer.com\/economiaenserio\/wp-json\/wp\/v2\/tags?post=10435"}],"curies":[{"name":"wp","href":"https:\/\/api.w.org\/{rel}","templated":true}]}}