{"id":10410,"date":"2024-09-04T20:00:35","date_gmt":"2024-09-05T01:00:35","guid":{"rendered":"https:\/\/economiaconedmer.com\/economiaenserio\/?p=10410"},"modified":"2024-09-04T20:04:59","modified_gmt":"2024-09-05T01:04:59","slug":"el-mar-de-san-andres-y-providencia-tiene-fiebre","status":"publish","type":"post","link":"https:\/\/economiaconedmer.com\/economiaenserio\/09\/04\/el-mar-de-san-andres-y-providencia-tiene-fiebre\/muy_sano\/2024\/","title":{"rendered":"El mar de San Andr\u00e9s tiene &#8216;fiebre&#8217;"},"content":{"rendered":"\n<p>En el archipi\u00e9lago de San Andr\u00e9s y Providencia los impactos de esta crisis se han reconocido en el incremento de fen\u00f3menos naturales como las marejadas cicl\u00f3nicas \u2013cambio en el nivel de agua debido a la presencia de una tormenta\u2013, capaces de generar inundaciones permanentes en zonas costeras; en las marejadas las olas pueden alcanzar entre 7 y 8&nbsp;m de altura.<\/p>\n\n\n\n<p>En los \u00faltimos d\u00edas los impactos producidos por el aumento en la temperatura de la atm\u00f3sfera han dejado alrededor de 3.000 damnificados en zonas del Pac\u00edfico colombiano a causa de marejadas, situaci\u00f3n que requiere nuevas estrategias de atenci\u00f3n para que la vulnerabilidad social que padecen los habitantes de la zona por estos comportamientos at\u00edpicos del mar se pueda reducir.<\/p>\n\n\n\n<p>Carolina Vel\u00e1squez, Ph.&nbsp;D. en Gesti\u00f3n y Manejo Cient\u00edfico de Desastres y mag\u00edster en Estudios del Caribe de la UNAL, se\u00f1al\u00f3 que \u201cla vulnerabilidad descrita en aspectos tanto sociales como ecosist\u00e9micos ha traspasado a situaciones de injusticias h\u00eddricas que deben ser atendidas en la gesti\u00f3n de riesgos.<strong><em><\/em><\/strong>En San Andr\u00e9s se han tomado decisiones legitimadas a trav\u00e9s de pol\u00edticas p\u00fablicas que han llevado a que los habitantes de la Isla sufran por el acceso al agua\u201d.<\/p>\n\n\n\n<p>Seg\u00fan el Observatorio de la Reserva de la Biosfera Seaflower, el 82&nbsp;% del agua que se utiliza San Andr\u00e9s es subterr\u00e1nea, y aunque existen dos acu\u00edferos, solo uno de ellos se considera apropiado para la captaci\u00f3n de agua para consumo.<\/p>\n\n\n\n<p>El acuerdo integral (naturaleza-cultura) y nuevo di\u00e1logo entre las poblaciones y el elemento agua para minimizar los impactos del cambio clim\u00e1tico en las zonas costeras tambi\u00e9n pone sobre la mesa las consecuencias del desequilibrio existente entre la sobrepesca y la reducci\u00f3n de las poblaciones que componen la biodiversidad marina en los territorios.<\/p>\n\n\n\n<p>Seg\u00fan Adriana Santos, doctora en Ciencias, mag\u00edster en Biolog\u00eda Marina y directora de la UNAL Sede Caribe, \u201csobrepasar los l\u00edmites de explotaci\u00f3n de las especies que conviven en el mar perjudica el ambiente en las zonas que dependen de ese recurso. La sobrepesca en m\u00faltiples ecosistemas se ha unido a la p\u00e9rdida de h\u00e1bitat, la contaminaci\u00f3n y las bioinvasiones que han deteriorado la salud de estas \u00e1reas y han llevado a reconocer que el mar y el planeta tienen fiebre por el inminente incremento en la temperatura global\u201d.<\/p>\n\n\n\n<p>Para los expertos, la amplia biodiversidad que existe en el pa\u00eds tiene que convertirse en un motor de desarrollo, en el que los genes y los ecosistemas converjan como uno solo. Jos\u00e9 Ernesto Mancera, profesor de la Facultad de Ciencias y Biolog\u00eda de la UNAL, en el Especial&nbsp;<em>La UNAL en la COP16<\/em>&nbsp;de Radio UNAL, indica que las posibilidades de desarrollarnos como especie tambi\u00e9n depende del patrimonio natural.<\/p>\n\n\n\n<p>\u201cAl quemar toda la materia org\u00e1nica para mover nuestra maquinaria estamos calentando la atm\u00f3sfera y esto lleva al derretimiento de los casquetes polares, que albergan el 3&nbsp;% del agua dulce del planeta\u201d, subray\u00f3 el profesor Mancera.<\/p>\n\n\n\n<p>A ra\u00edz de los efectos del calentamiento global, la UNAL trabaja en m\u00e1s de 30 acciones de fortalecimiento de la gesti\u00f3n de riesgos de desastres que buscan incrementar el conocimiento, la capacidad y preparaci\u00f3n con base en la seguridad humana y la preservaci\u00f3n de la base natural en el Archipi\u00e9lago de San Andr\u00e9s, en las que tambi\u00e9n participan otras 10 entidades aliadas que desde hace m\u00e1s de un a\u00f1o y medio pretenden jalonar la respuesta a estas necesidades en el territorio.<\/p>\n","protected":false},"excerpt":{"rendered":"<p>En el archipi\u00e9lago de San Andr\u00e9s y Providencia los impactos de esta crisis se han reconocido en el incremento de fen\u00f3menos naturales como las marejadas cicl\u00f3nicas \u2013cambio en el nivel de agua debido a la presencia de una tormenta\u2013, capaces de generar inundaciones permanentes en zonas costeras; en las marejadas las olas pueden alcanzar entre&#8230;<\/p>\n","protected":false},"author":5,"featured_media":10411,"comment_status":"closed","ping_status":"closed","sticky":false,"template":"","format":"standard","meta":{"_FSMCFIC_featured_image_caption":"","_FSMCFIC_featured_image_nocaption":"","_FSMCFIC_featured_image_hide":"","footnotes":""},"categories":[17],"tags":[],"class_list":["post-10410","post","type-post","status-publish","format-standard","has-post-thumbnail","hentry","category-muy_sano"],"_links":{"self":[{"href":"https:\/\/economiaconedmer.com\/economiaenserio\/wp-json\/wp\/v2\/posts\/10410","targetHints":{"allow":["GET"]}}],"collection":[{"href":"https:\/\/economiaconedmer.com\/economiaenserio\/wp-json\/wp\/v2\/posts"}],"about":[{"href":"https:\/\/economiaconedmer.com\/economiaenserio\/wp-json\/wp\/v2\/types\/post"}],"author":[{"embeddable":true,"href":"https:\/\/economiaconedmer.com\/economiaenserio\/wp-json\/wp\/v2\/users\/5"}],"replies":[{"embeddable":true,"href":"https:\/\/economiaconedmer.com\/economiaenserio\/wp-json\/wp\/v2\/comments?post=10410"}],"version-history":[{"count":3,"href":"https:\/\/economiaconedmer.com\/economiaenserio\/wp-json\/wp\/v2\/posts\/10410\/revisions"}],"predecessor-version":[{"id":10414,"href":"https:\/\/economiaconedmer.com\/economiaenserio\/wp-json\/wp\/v2\/posts\/10410\/revisions\/10414"}],"wp:featuredmedia":[{"embeddable":true,"href":"https:\/\/economiaconedmer.com\/economiaenserio\/wp-json\/wp\/v2\/media\/10411"}],"wp:attachment":[{"href":"https:\/\/economiaconedmer.com\/economiaenserio\/wp-json\/wp\/v2\/media?parent=10410"}],"wp:term":[{"taxonomy":"category","embeddable":true,"href":"https:\/\/economiaconedmer.com\/economiaenserio\/wp-json\/wp\/v2\/categories?post=10410"},{"taxonomy":"post_tag","embeddable":true,"href":"https:\/\/economiaconedmer.com\/economiaenserio\/wp-json\/wp\/v2\/tags?post=10410"}],"curies":[{"name":"wp","href":"https:\/\/api.w.org\/{rel}","templated":true}]}}