{"id":10384,"date":"2024-09-03T18:25:19","date_gmt":"2024-09-03T23:25:19","guid":{"rendered":"https:\/\/economiaconedmer.com\/economiaenserio\/?p=10384"},"modified":"2024-09-03T18:28:19","modified_gmt":"2024-09-03T23:28:19","slug":"alerta-por-caida-del-29-en-inversion-extranjera-en-el-primer-semestre","status":"publish","type":"post","link":"https:\/\/economiaconedmer.com\/economiaenserio\/09\/03\/alerta-por-caida-del-29-en-inversion-extranjera-en-el-primer-semestre\/el_resto\/2024\/","title":{"rendered":"Alerta por ca\u00edda del 29% en inversi\u00f3n extranjera en el primer semestre"},"content":{"rendered":"\n<p><strong>Bogot\u00e1, 3 de septiembre de 2024 (AmCham Colombia).-<\/strong>&nbsp;Ante el dato sobre inversi\u00f3n extranjera directa en Colombia durante el primer semestre de 2024 entregado por el Banco de la Rep\u00fablica, enviamos la declaraci\u00f3n de Mar\u00eda Claudia Lacouture, presidenta de la C\u00e1mara Colombo Americana, AmCham Colombia:<\/p>\n\n\n\n<p>\u201cEs una se\u00f1al de alarma urgente lo que est\u00e1 sucediendo con la Inversi\u00f3n Extranjera en Colombia que present\u00f3 una ca\u00edda de -29% en el primer semestre de este a\u00f1o, con flujos de US$ 6.720 millones, seg\u00fan cifras del Banco de la Rep\u00fablica.<\/p>\n\n\n\n<p>Los sectores m\u00e1s afectados fueron transporte, almacenamiento y comunicaciones present\u00f3 un detrimento del 102%; seguido por explotaci\u00f3n de minas y canteras (-62%); servicios comunales, sociales y personales (-44%); construcci\u00f3n (-33%); sector petrolero (-30%); y comercio (-14%)<\/p>\n\n\n\n<p>La incertidumbre se mantiene y se muestra en el resultado de la inversi\u00f3n extranjera. Es importante dar confianza que Colombia cuenta con las condiciones para invertir a trav\u00e9s de un trabajo p\u00fablico, privado, de reactivaci\u00f3n econ\u00f3mica, y pol\u00edticas claras en sectores claves para el desarrollo econ\u00f3mico del pa\u00eds.\u201d<\/p>\n","protected":false},"excerpt":{"rendered":"<p>Bogot\u00e1, 3 de septiembre de 2024 (AmCham Colombia).-&nbsp;Ante el dato sobre inversi\u00f3n extranjera directa en Colombia durante el primer semestre de 2024 entregado por el Banco de la Rep\u00fablica, enviamos la declaraci\u00f3n de Mar\u00eda Claudia Lacouture, presidenta de la C\u00e1mara Colombo Americana, AmCham Colombia: \u201cEs una se\u00f1al de alarma urgente lo que est\u00e1 sucediendo con&#8230;<\/p>\n","protected":false},"author":5,"featured_media":10386,"comment_status":"closed","ping_status":"closed","sticky":false,"template":"","format":"standard","meta":{"_FSMCFIC_featured_image_caption":"","_FSMCFIC_featured_image_nocaption":"","_FSMCFIC_featured_image_hide":"","footnotes":""},"categories":[22],"tags":[],"class_list":["post-10384","post","type-post","status-publish","format-standard","has-post-thumbnail","hentry","category-el_resto"],"_links":{"self":[{"href":"https:\/\/economiaconedmer.com\/economiaenserio\/wp-json\/wp\/v2\/posts\/10384","targetHints":{"allow":["GET"]}}],"collection":[{"href":"https:\/\/economiaconedmer.com\/economiaenserio\/wp-json\/wp\/v2\/posts"}],"about":[{"href":"https:\/\/economiaconedmer.com\/economiaenserio\/wp-json\/wp\/v2\/types\/post"}],"author":[{"embeddable":true,"href":"https:\/\/economiaconedmer.com\/economiaenserio\/wp-json\/wp\/v2\/users\/5"}],"replies":[{"embeddable":true,"href":"https:\/\/economiaconedmer.com\/economiaenserio\/wp-json\/wp\/v2\/comments?post=10384"}],"version-history":[{"count":2,"href":"https:\/\/economiaconedmer.com\/economiaenserio\/wp-json\/wp\/v2\/posts\/10384\/revisions"}],"predecessor-version":[{"id":10387,"href":"https:\/\/economiaconedmer.com\/economiaenserio\/wp-json\/wp\/v2\/posts\/10384\/revisions\/10387"}],"wp:featuredmedia":[{"embeddable":true,"href":"https:\/\/economiaconedmer.com\/economiaenserio\/wp-json\/wp\/v2\/media\/10386"}],"wp:attachment":[{"href":"https:\/\/economiaconedmer.com\/economiaenserio\/wp-json\/wp\/v2\/media?parent=10384"}],"wp:term":[{"taxonomy":"category","embeddable":true,"href":"https:\/\/economiaconedmer.com\/economiaenserio\/wp-json\/wp\/v2\/categories?post=10384"},{"taxonomy":"post_tag","embeddable":true,"href":"https:\/\/economiaconedmer.com\/economiaenserio\/wp-json\/wp\/v2\/tags?post=10384"}],"curies":[{"name":"wp","href":"https:\/\/api.w.org\/{rel}","templated":true}]}}