{"id":10378,"date":"2024-09-03T18:15:58","date_gmt":"2024-09-03T23:15:58","guid":{"rendered":"https:\/\/economiaconedmer.com\/economiaenserio\/?p=10378"},"modified":"2024-09-03T18:15:59","modified_gmt":"2024-09-03T23:15:59","slug":"lideres-recicladores-se-reunen-en-el-8-encuentro-nacional-del-sector","status":"publish","type":"post","link":"https:\/\/economiaconedmer.com\/economiaenserio\/09\/03\/lideres-recicladores-se-reunen-en-el-8-encuentro-nacional-del-sector\/corticas\/2024\/","title":{"rendered":"L\u00edderes recicladores se re\u00fanen en el 8\u00b0 Encuentro Nacional del sector"},"content":{"rendered":"\n<p>El evento, organizado por la Fundaci\u00f3n Grupo Familia, que se llevar\u00e1 a cabo el 10 y 11 de septiembre, busca abordar las \u00faltimas acciones regulatorias y tendencias en reciclaje y econom\u00eda circular. Este a\u00f1o, el evento contar\u00e1 con la participaci\u00f3n especial de Blanca Mery S\u00e1nchez, reconocida coach empresarial y de representantes del Ministerio de Ambiente, el Ministerio de Vivienda, la Superintendencia de Servicios P\u00fablicos, Uaesp, Cempre Colombia, Acopl\u00e1sticos, Fundaci\u00f3n Avina y el Centro Tecnol\u00f3gico de Antioquia \u2013 CTA. En Latinoam\u00e9rica son cerca de 4 millones de recicladores de oficio y Colombia cuenta con alrededor de 67.000.<\/p>\n","protected":false},"excerpt":{"rendered":"<p>El evento, organizado por la Fundaci\u00f3n Grupo Familia, que se llevar\u00e1 a cabo el 10 y 11 de septiembre, busca abordar las \u00faltimas acciones regulatorias y tendencias en reciclaje y econom\u00eda circular. Este a\u00f1o, el evento contar\u00e1 con la participaci\u00f3n especial de Blanca Mery S\u00e1nchez, reconocida coach empresarial y de representantes del Ministerio de Ambiente,&#8230;<\/p>\n","protected":false},"author":5,"featured_media":0,"comment_status":"closed","ping_status":"closed","sticky":false,"template":"","format":"standard","meta":{"_FSMCFIC_featured_image_caption":"","_FSMCFIC_featured_image_nocaption":"","_FSMCFIC_featured_image_hide":"","footnotes":""},"categories":[23],"tags":[],"class_list":["post-10378","post","type-post","status-publish","format-standard","hentry","category-corticas"],"_links":{"self":[{"href":"https:\/\/economiaconedmer.com\/economiaenserio\/wp-json\/wp\/v2\/posts\/10378","targetHints":{"allow":["GET"]}}],"collection":[{"href":"https:\/\/economiaconedmer.com\/economiaenserio\/wp-json\/wp\/v2\/posts"}],"about":[{"href":"https:\/\/economiaconedmer.com\/economiaenserio\/wp-json\/wp\/v2\/types\/post"}],"author":[{"embeddable":true,"href":"https:\/\/economiaconedmer.com\/economiaenserio\/wp-json\/wp\/v2\/users\/5"}],"replies":[{"embeddable":true,"href":"https:\/\/economiaconedmer.com\/economiaenserio\/wp-json\/wp\/v2\/comments?post=10378"}],"version-history":[{"count":1,"href":"https:\/\/economiaconedmer.com\/economiaenserio\/wp-json\/wp\/v2\/posts\/10378\/revisions"}],"predecessor-version":[{"id":10379,"href":"https:\/\/economiaconedmer.com\/economiaenserio\/wp-json\/wp\/v2\/posts\/10378\/revisions\/10379"}],"wp:attachment":[{"href":"https:\/\/economiaconedmer.com\/economiaenserio\/wp-json\/wp\/v2\/media?parent=10378"}],"wp:term":[{"taxonomy":"category","embeddable":true,"href":"https:\/\/economiaconedmer.com\/economiaenserio\/wp-json\/wp\/v2\/categories?post=10378"},{"taxonomy":"post_tag","embeddable":true,"href":"https:\/\/economiaconedmer.com\/economiaenserio\/wp-json\/wp\/v2\/tags?post=10378"}],"curies":[{"name":"wp","href":"https:\/\/api.w.org\/{rel}","templated":true}]}}