{"id":10365,"date":"2024-09-03T07:02:33","date_gmt":"2024-09-03T12:02:33","guid":{"rendered":"https:\/\/economiaconedmer.com\/economiaenserio\/?p=10365"},"modified":"2024-09-03T07:02:33","modified_gmt":"2024-09-03T12:02:33","slug":"cuenta-regresiva-para-bimco-2024","status":"publish","type":"post","link":"https:\/\/economiaconedmer.com\/economiaenserio\/09\/03\/cuenta-regresiva-para-bimco-2024\/corticas\/2024\/","title":{"rendered":"Cuenta regresiva para BIMCO 2024"},"content":{"rendered":"\n<p>Bajo el lema \u201cConexiones que construyen: uniendo el presente y el futuro digital\u201d, la C\u00e1mara Colombiana de la Construcci\u00f3n (Camacol) realizar\u00e1 el 12 y 13 de septiembre el \u2018Congreso de Transformaci\u00f3n Digital BIMCO\u2019, que reunir\u00e1 en Bogot\u00e1 a autoridades del Gobierno, empresarios del sector constructor y conferencistas nacionales e internacionales, quienes expondr\u00e1n novedades y tendencias en torno al tema.&nbsp;<\/p>\n","protected":false},"excerpt":{"rendered":"<p>Bajo el lema \u201cConexiones que construyen: uniendo el presente y el futuro digital\u201d, la C\u00e1mara Colombiana de la Construcci\u00f3n (Camacol) realizar\u00e1 el 12 y 13 de septiembre el \u2018Congreso de Transformaci\u00f3n Digital BIMCO\u2019, que reunir\u00e1 en Bogot\u00e1 a autoridades del Gobierno, empresarios del sector constructor y conferencistas nacionales e internacionales, quienes expondr\u00e1n novedades y tendencias&#8230;<\/p>\n","protected":false},"author":5,"featured_media":0,"comment_status":"closed","ping_status":"closed","sticky":false,"template":"","format":"standard","meta":{"_FSMCFIC_featured_image_caption":"","_FSMCFIC_featured_image_nocaption":"","_FSMCFIC_featured_image_hide":"","footnotes":""},"categories":[23],"tags":[],"class_list":["post-10365","post","type-post","status-publish","format-standard","hentry","category-corticas"],"_links":{"self":[{"href":"https:\/\/economiaconedmer.com\/economiaenserio\/wp-json\/wp\/v2\/posts\/10365","targetHints":{"allow":["GET"]}}],"collection":[{"href":"https:\/\/economiaconedmer.com\/economiaenserio\/wp-json\/wp\/v2\/posts"}],"about":[{"href":"https:\/\/economiaconedmer.com\/economiaenserio\/wp-json\/wp\/v2\/types\/post"}],"author":[{"embeddable":true,"href":"https:\/\/economiaconedmer.com\/economiaenserio\/wp-json\/wp\/v2\/users\/5"}],"replies":[{"embeddable":true,"href":"https:\/\/economiaconedmer.com\/economiaenserio\/wp-json\/wp\/v2\/comments?post=10365"}],"version-history":[{"count":1,"href":"https:\/\/economiaconedmer.com\/economiaenserio\/wp-json\/wp\/v2\/posts\/10365\/revisions"}],"predecessor-version":[{"id":10366,"href":"https:\/\/economiaconedmer.com\/economiaenserio\/wp-json\/wp\/v2\/posts\/10365\/revisions\/10366"}],"wp:attachment":[{"href":"https:\/\/economiaconedmer.com\/economiaenserio\/wp-json\/wp\/v2\/media?parent=10365"}],"wp:term":[{"taxonomy":"category","embeddable":true,"href":"https:\/\/economiaconedmer.com\/economiaenserio\/wp-json\/wp\/v2\/categories?post=10365"},{"taxonomy":"post_tag","embeddable":true,"href":"https:\/\/economiaconedmer.com\/economiaenserio\/wp-json\/wp\/v2\/tags?post=10365"}],"curies":[{"name":"wp","href":"https:\/\/api.w.org\/{rel}","templated":true}]}}