{"id":10347,"date":"2024-09-02T20:37:52","date_gmt":"2024-09-03T01:37:52","guid":{"rendered":"https:\/\/economiaconedmer.com\/economiaenserio\/?p=10347"},"modified":"2024-09-02T20:40:37","modified_gmt":"2024-09-03T01:40:37","slug":"gobierno-iria-por-20-billones-con-valorizacion","status":"publish","type":"post","link":"https:\/\/economiaconedmer.com\/economiaenserio\/09\/02\/gobierno-iria-por-20-billones-con-valorizacion\/el_bolsillo\/2024\/","title":{"rendered":"Gobierno ir\u00eda por $20 billones con valorizaci\u00f3n por v\u00edas 4G"},"content":{"rendered":"\n<p><strong><em>La ministra de Transporte, Mar\u00eda Costanza Garc\u00eda, dijo en una entrevista al diario de econom\u00eda y negocios Portafolio, que en marzo de 2025 se empezar\u00eda a cobrar esta contribuci\u00f3n.<\/em><\/strong><\/p>\n\n\n\n<p>El Gobierno revivir\u00eda la propuesta de la administraci\u00f3n anterior (la de del presidente Iv\u00e1n Duque) de cobrar un impuesto de valorizaci\u00f3n a los propietarios de predios ubicados en cercan\u00edas de los proyectos de v\u00edas 4G ejecutados en los \u00faltimos a\u00f1os, con el fin dce recaudar unos $20 billones de peros para las arcas del Estaxdo.<\/p>\n\n\n\n<p>Seg\u00fan la actual ministra de Transporte, Mar\u00eda Constanza Garc\u00eda, las regiones donde se cobrar\u00eda la contribuci\u00f3n adicional, ser\u00eda la Costa Cribe, Antioquia y el antiguo Eje Cafetero, pero dej\u00f3 claro que este pago no se aplicar\u00eda a todos los propietarios de terrenos ubicados en esas zonas del pa\u00eds.<\/p>\n\n\n\n<p>Estos recursos ir\u00e1n a un fondo especial que\u00a0permite financiar otros proyectos de infraestructura, tanto en las mismas regiones donde se cobra como en otras donde no existe este potencial de pago.<\/p>\n","protected":false},"excerpt":{"rendered":"<p>La ministra de Transporte, Mar\u00eda Costanza Garc\u00eda, dijo en una entrevista al diario de econom\u00eda y negocios Portafolio, que en marzo de 2025 se empezar\u00eda a cobrar esta contribuci\u00f3n. El Gobierno revivir\u00eda la propuesta de la administraci\u00f3n anterior (la de del presidente Iv\u00e1n Duque) de cobrar un impuesto de valorizaci\u00f3n a los propietarios de predios&#8230;<\/p>\n","protected":false},"author":5,"featured_media":10350,"comment_status":"closed","ping_status":"closed","sticky":false,"template":"","format":"standard","meta":{"_FSMCFIC_featured_image_caption":"","_FSMCFIC_featured_image_nocaption":"","_FSMCFIC_featured_image_hide":"","footnotes":""},"categories":[2],"tags":[],"class_list":["post-10347","post","type-post","status-publish","format-standard","has-post-thumbnail","hentry","category-el_bolsillo"],"_links":{"self":[{"href":"https:\/\/economiaconedmer.com\/economiaenserio\/wp-json\/wp\/v2\/posts\/10347","targetHints":{"allow":["GET"]}}],"collection":[{"href":"https:\/\/economiaconedmer.com\/economiaenserio\/wp-json\/wp\/v2\/posts"}],"about":[{"href":"https:\/\/economiaconedmer.com\/economiaenserio\/wp-json\/wp\/v2\/types\/post"}],"author":[{"embeddable":true,"href":"https:\/\/economiaconedmer.com\/economiaenserio\/wp-json\/wp\/v2\/users\/5"}],"replies":[{"embeddable":true,"href":"https:\/\/economiaconedmer.com\/economiaenserio\/wp-json\/wp\/v2\/comments?post=10347"}],"version-history":[{"count":2,"href":"https:\/\/economiaconedmer.com\/economiaenserio\/wp-json\/wp\/v2\/posts\/10347\/revisions"}],"predecessor-version":[{"id":10349,"href":"https:\/\/economiaconedmer.com\/economiaenserio\/wp-json\/wp\/v2\/posts\/10347\/revisions\/10349"}],"wp:featuredmedia":[{"embeddable":true,"href":"https:\/\/economiaconedmer.com\/economiaenserio\/wp-json\/wp\/v2\/media\/10350"}],"wp:attachment":[{"href":"https:\/\/economiaconedmer.com\/economiaenserio\/wp-json\/wp\/v2\/media?parent=10347"}],"wp:term":[{"taxonomy":"category","embeddable":true,"href":"https:\/\/economiaconedmer.com\/economiaenserio\/wp-json\/wp\/v2\/categories?post=10347"},{"taxonomy":"post_tag","embeddable":true,"href":"https:\/\/economiaconedmer.com\/economiaenserio\/wp-json\/wp\/v2\/tags?post=10347"}],"curies":[{"name":"wp","href":"https:\/\/api.w.org\/{rel}","templated":true}]}}