{"id":10341,"date":"2024-09-02T20:11:16","date_gmt":"2024-09-03T01:11:16","guid":{"rendered":"https:\/\/economiaconedmer.com\/economiaenserio\/?p=10341"},"modified":"2024-09-06T07:25:45","modified_gmt":"2024-09-06T12:25:45","slug":"camioneros-bloquean-a-ninos-en-rutas-escolares-y-dicen-que-el-paro-es-pacifico","status":"publish","type":"post","link":"https:\/\/economiaconedmer.com\/economiaenserio\/09\/02\/camioneros-bloquean-a-ninos-en-rutas-escolares-y-dicen-que-el-paro-es-pacifico\/el_bolsillo\/2024\/","title":{"rendered":"Paro camionero se solucion\u00f3 con un alza de $800 este a\u00f1o"},"content":{"rendered":"\n<p>El ajuste del precio del di\u00e9sel en Colombia qued\u00f3 en $800 y no en $1.904 como lo hab\u00eda dispuesto hace 8 d\u00edas del Ministerio de Minas y Energ\u00eda. Este incremento se aplicar\u00e1 de la siguiente manera: $400 a partir de hoy viernes 6 de septiembre, y $400 m\u00e1s desde diciembre pr\u00f3ximo. Ese fue el acuerdo que permiti\u00f3 levantar el paro de los camioneros, que ten\u00edan bloqueadas las v\u00edas de acceso a la mayor\u00eda de ciudades del pa\u00eds.<\/p>\n\n\n\n<p>Aunque algunos transportadores aceptaron a rega\u00f1adientes la decisi\u00f3n de los organizadores de la protesta, una vez conocida la noticia, empezaron a retirar los veh\u00edculos atravesados en las v\u00edas y a levantar la barricadas que hab\u00edan sido ubicadas en diferentes puntos de la red vial nacional y local.<\/p>\n\n\n\n<p>Pese al acuerdo, se mantiene la tensi\u00f3n entre el Gobierno y el sector, porque est\u00e1 pendiente la negociaci\u00f3n del alza del di\u00e9sel en 2025. El Ministerio de Hacienda se mantiene en la decisi\u00f3n llegar a un incremento de $6.000 por gal\u00f3n, y hasta ahora solo van $800, lo que indica que a\u00fan falta incrementar el valor del gal\u00f3n del di\u00e9sel en $5.200 m\u00e1s, el a\u00f1o entrante, para reducir el d\u00e9ficit del Fondo de Estabilizaci\u00f3n de los Precios de los Combustibles. <\/p>\n\n\n\n<p>Con el acuerdo logrado en la noche del jueves, el pa\u00eds regres\u00f3 a la normalidad en materia de transporte de carga por carretera.<\/p>\n\n\n\n<p> <\/p>\n\n\n\n<p>  <\/p>\n","protected":false},"excerpt":{"rendered":"<p>El ajuste del precio del di\u00e9sel en Colombia qued\u00f3 en $800 y no en $1.904 como lo hab\u00eda dispuesto hace 8 d\u00edas del Ministerio de Minas y Energ\u00eda. Este incremento se aplicar\u00e1 de la siguiente manera: $400 a partir de hoy viernes 6 de septiembre, y $400 m\u00e1s desde diciembre pr\u00f3ximo. Ese fue el acuerdo&#8230;<\/p>\n","protected":false},"author":5,"featured_media":10432,"comment_status":"closed","ping_status":"closed","sticky":false,"template":"","format":"standard","meta":{"_FSMCFIC_featured_image_caption":"","_FSMCFIC_featured_image_nocaption":"","_FSMCFIC_featured_image_hide":"","footnotes":""},"categories":[2],"tags":[],"class_list":["post-10341","post","type-post","status-publish","format-standard","has-post-thumbnail","hentry","category-el_bolsillo"],"_links":{"self":[{"href":"https:\/\/economiaconedmer.com\/economiaenserio\/wp-json\/wp\/v2\/posts\/10341","targetHints":{"allow":["GET"]}}],"collection":[{"href":"https:\/\/economiaconedmer.com\/economiaenserio\/wp-json\/wp\/v2\/posts"}],"about":[{"href":"https:\/\/economiaconedmer.com\/economiaenserio\/wp-json\/wp\/v2\/types\/post"}],"author":[{"embeddable":true,"href":"https:\/\/economiaconedmer.com\/economiaenserio\/wp-json\/wp\/v2\/users\/5"}],"replies":[{"embeddable":true,"href":"https:\/\/economiaconedmer.com\/economiaenserio\/wp-json\/wp\/v2\/comments?post=10341"}],"version-history":[{"count":9,"href":"https:\/\/economiaconedmer.com\/economiaenserio\/wp-json\/wp\/v2\/posts\/10341\/revisions"}],"predecessor-version":[{"id":10434,"href":"https:\/\/economiaconedmer.com\/economiaenserio\/wp-json\/wp\/v2\/posts\/10341\/revisions\/10434"}],"wp:featuredmedia":[{"embeddable":true,"href":"https:\/\/economiaconedmer.com\/economiaenserio\/wp-json\/wp\/v2\/media\/10432"}],"wp:attachment":[{"href":"https:\/\/economiaconedmer.com\/economiaenserio\/wp-json\/wp\/v2\/media?parent=10341"}],"wp:term":[{"taxonomy":"category","embeddable":true,"href":"https:\/\/economiaconedmer.com\/economiaenserio\/wp-json\/wp\/v2\/categories?post=10341"},{"taxonomy":"post_tag","embeddable":true,"href":"https:\/\/economiaconedmer.com\/economiaenserio\/wp-json\/wp\/v2\/tags?post=10341"}],"curies":[{"name":"wp","href":"https:\/\/api.w.org\/{rel}","templated":true}]}}