{"id":10219,"date":"2024-08-26T20:01:27","date_gmt":"2024-08-27T01:01:27","guid":{"rendered":"https:\/\/economiaconedmer.com\/economiaenserio\/?p=10219"},"modified":"2024-08-26T20:05:20","modified_gmt":"2024-08-27T01:05:20","slug":"estos-son-los-articulos-mas-polemicos-del-proyecto-la-reforma-laboral","status":"publish","type":"post","link":"https:\/\/economiaconedmer.com\/economiaenserio\/08\/26\/estos-son-los-articulos-mas-polemicos-del-proyecto-la-reforma-laboral\/el_bolsillo\/2024\/","title":{"rendered":"Cinco art\u00edculos pol\u00e9micos del proyecto la reforma laboral"},"content":{"rendered":"\n<ul class=\"wp-block-list\">\n<li>La transici\u00f3n autom\u00e1tica de un contrato de trabajo pactado por las partes a t\u00e9rmino fijo.<\/li>\n\n\n\n<li>La modificaci\u00f3n de la tabla indemnizatoria por despido sin justa causa que se plantea en el proyecto de ley implica incrementos de m\u00e1s del 100%.<\/li>\n\n\n\n<li>La jornada m\u00e1xima legal que podr\u00eda llevar a Colombia a una jornada semanal de trabajo de 40 horas.<\/li>\n\n\n\n<li>La transformaci\u00f3n del contrato de aprendizaje en contrato de trabajo puede desincentivar la contrataci\u00f3n de aprendices.<\/li>\n\n\n\n<li>En el tema de los permisos sindicales, la redacci\u00f3n del articulado debe incluir los principios de proporcionalidad, para evitar que se incremente la conflictividad frente a este tema.<\/li>\n<\/ul>\n\n\n\n<p>En la segunda audiencia p\u00fablica del proyecto de ley de Reforma Laboral citada por los ponentes, Juan Manuel Guerrero propuso al Congreso hacer una revisi\u00f3n detallada de los siguientes temas:<\/p>\n\n\n\n<p><strong>1.<\/strong> La transici\u00f3n autom\u00e1tica de un contrato de trabajo pactado por las partes a t\u00e9rmino fijo para convertirse a t\u00e9rmino indefinido por el simple paso del tiempo (4 a\u00f1os), contrar\u00eda lo dicho por la H. Corte Constitucional respecto a la validez y legalidad de las pr\u00f3rrogas en el tiempo de los contratos de trabajo a t\u00e9rmino fijo y no respeta la voluntad contractual de las partes.<\/p>\n\n\n\n<p><strong>2.<\/strong> La modificaci\u00f3n de la tabla indemnizatoria por despido sin justa causa que se plantea en el proyecto de ley implica incrementos de m\u00e1s del 100% para trabajadores con antig\u00fcedades superiores a diez (10) a\u00f1os en los contratos a t\u00e9rmino indefinido y del 100% en los pisos indemnizatorios en los contratos de trabajo a t\u00e9rmino fijo y por obra o labor determinada, situaci\u00f3n que le resta a Colombia competitividad laboral con sus pares de la regi\u00f3n y genera barreras restrictivas para el mantenimiento de la antig\u00fcedad de los v\u00ednculos laborales.<\/p>\n\n\n\n<p><strong>3<\/strong>. De no eliminarse la obligaci\u00f3n de otorgar dos (2) horas de la jornada semanal de trabajo para actividades deportivas, recreativas, culturales o de capacitaci\u00f3n, artificialmente estar\u00edamos llevando al pa\u00eds a una jornada de trabajo de 40 horas semanales, siendo contradictorio con lo se\u00f1alado y discutido en primer debate por la comisi\u00f3n 7\u00aa de la C\u00e1mara de Representantes respecto a respetar la reducci\u00f3n gradual de la jornada de trabajo implementada por la Ley 2101 de 2021.<\/p>\n\n\n\n<p><strong>4<\/strong>. La transformaci\u00f3n del contrato de aprendizaje en contrato de trabajo puede desincentivar la contrataci\u00f3n de aprendices, afectando un mecanismo valioso de formaci\u00f3n para el trabajo.<\/p>\n\n\n\n<p><strong>5<\/strong>. En el tema de los permisos sindicales, la redacci\u00f3n del articulado debe incluir los principios de proporcionalidad, razonabilidad y no afectaci\u00f3n a la operaci\u00f3n de las Compa\u00f1\u00edas, para evitar que se incremente la conflictividad frente a este tema.<\/p>\n\n\n\n<p>El experto laboralista insisti\u00f3 que el proyecto debe debatirse con el contexto actual que vive el pa\u00eds Insisti\u00f3 que ya son cuatro trimestres seguidos de estancamiento econ\u00f3mico y un crecimiento de los indicadores de desempleo con una cifra de desempleo de un 10,3%.<\/p>\n\n\n\n<p>Finalmente, Guerrero recalc\u00f3; <strong>\u201c<\/strong>Seguiremos trabajando duro para que la Reforma Laboral no se convierta en una herramienta de destrucci\u00f3n del empleo formal en Colombia\u201d.<\/p>\n","protected":false},"excerpt":{"rendered":"<p>En la segunda audiencia p\u00fablica del proyecto de ley de Reforma Laboral citada por los ponentes, Juan Manuel Guerrero propuso al Congreso hacer una revisi\u00f3n detallada de los siguientes temas: 1. La transici\u00f3n autom\u00e1tica de un contrato de trabajo pactado por las partes a t\u00e9rmino fijo para convertirse a t\u00e9rmino indefinido por el simple paso&#8230;<\/p>\n","protected":false},"author":5,"featured_media":10223,"comment_status":"closed","ping_status":"closed","sticky":false,"template":"","format":"standard","meta":{"_FSMCFIC_featured_image_caption":"","_FSMCFIC_featured_image_nocaption":"","_FSMCFIC_featured_image_hide":"","footnotes":""},"categories":[2],"tags":[],"class_list":["post-10219","post","type-post","status-publish","format-standard","has-post-thumbnail","hentry","category-el_bolsillo"],"_links":{"self":[{"href":"https:\/\/economiaconedmer.com\/economiaenserio\/wp-json\/wp\/v2\/posts\/10219","targetHints":{"allow":["GET"]}}],"collection":[{"href":"https:\/\/economiaconedmer.com\/economiaenserio\/wp-json\/wp\/v2\/posts"}],"about":[{"href":"https:\/\/economiaconedmer.com\/economiaenserio\/wp-json\/wp\/v2\/types\/post"}],"author":[{"embeddable":true,"href":"https:\/\/economiaconedmer.com\/economiaenserio\/wp-json\/wp\/v2\/users\/5"}],"replies":[{"embeddable":true,"href":"https:\/\/economiaconedmer.com\/economiaenserio\/wp-json\/wp\/v2\/comments?post=10219"}],"version-history":[{"count":3,"href":"https:\/\/economiaconedmer.com\/economiaenserio\/wp-json\/wp\/v2\/posts\/10219\/revisions"}],"predecessor-version":[{"id":10222,"href":"https:\/\/economiaconedmer.com\/economiaenserio\/wp-json\/wp\/v2\/posts\/10219\/revisions\/10222"}],"wp:featuredmedia":[{"embeddable":true,"href":"https:\/\/economiaconedmer.com\/economiaenserio\/wp-json\/wp\/v2\/media\/10223"}],"wp:attachment":[{"href":"https:\/\/economiaconedmer.com\/economiaenserio\/wp-json\/wp\/v2\/media?parent=10219"}],"wp:term":[{"taxonomy":"category","embeddable":true,"href":"https:\/\/economiaconedmer.com\/economiaenserio\/wp-json\/wp\/v2\/categories?post=10219"},{"taxonomy":"post_tag","embeddable":true,"href":"https:\/\/economiaconedmer.com\/economiaenserio\/wp-json\/wp\/v2\/tags?post=10219"}],"curies":[{"name":"wp","href":"https:\/\/api.w.org\/{rel}","templated":true}]}}